{"id":10272,"date":"2018-06-09T12:43:29","date_gmt":"2018-06-09T12:43:29","guid":{"rendered":"http:\/\/historiografija.hr\/?p=10272"},"modified":"2018-06-09T12:43:29","modified_gmt":"2018-06-09T12:43:29","slug":"vladimir-geiger-i-suzana-lecek-krivnja-i-kazna-politika-odmazde-i-sudski-proces-ministru-u-vladi-ndh-zivanu-kuvezdicu-1948-1949","status":"publish","type":"post","link":"https:\/\/historiografija.hr\/?p=10272","title":{"rendered":"Vladimir Geiger i Suzana Le\u010dek, \u201cKrivnja i kazna. Politika odmazde i sudski proces ministru u Vladi NDH \u017divanu Kuve\u017edi\u0107u 1948.\u20131949.\u201d"},"content":{"rendered":"<p>Hrvatski institut za povijest &#8211; Podru\u017enica za povijest Slavonije, Srijema i Baranje objavila je 2018. godine knjigu Vladimira Geigera i Suzane Le\u010dek, \u201cKrivnja i kazna. Politika odmazde i sudski proces ministru u Vladi NDH \u017divanu Kuve\u017edi\u0107u 1948.\u20131949.\u201d koja, uz ostalo, donosi i gra\u0111u o sudskom procesu \u017divanu Kuve\u017edi\u0107u, ministru bez lisnice u Vladi Nezavisne Dr\u017eave Hrvatske.<\/p>\n<p>&nbsp;<\/p>\n<p>&#8212;<\/p>\n<p>&nbsp;<\/p>\n<p><strong>Krivnja i kazna. Politika odmazde i sudski proces ministru u Vladi NDH \u017divanu Kuve\u017edi\u0107u 1948.\u20131949.<\/strong><\/p>\n<p>&nbsp;<\/p>\n<p>Autori: Vladimir Geiger i Suzana Le\u010dek<\/p>\n<p>&nbsp;<\/p>\n<p>Broj stranica: 472<\/p>\n<p>&nbsp;<\/p>\n<p>Godina izdanja: 2018.<\/p>\n<p>&nbsp;<\/p>\n<p>Ratovi su jedno od glavnih obilje\u017eja 20. stolje\u0107a, barem ako sudimo prema koli\u010dini literature napisane o njima. Ne \u010dudi da je daleko najve\u0107i dio posve\u0107en najte\u017eem od njih \u2014 Drugom svjetskom ratu, njegovim uzrocima, tijeku i posljedicama. Stoga se odmah mo\u017eemo pitati o opravdanosti jo\u0161 jedne knjige na tu, naizgled dobro obra\u0111enu temu. No, ne\u0161to detaljniji uvid brzo otkriva da jo\u0161 postoje brojne praznine, posebice unutar nacionalnih historiografija. Hrvatska u tome nije izuzetak, jer su mnoga ratna i poratna zbivanja i dalje nedovoljno istra\u017eena. Budu\u0107i da dr\u017eimo kako je jo\u0161 uvijek va\u017ean svaki novi prilog koji vodi boljem razumijevanju onoga \u0161to se doga\u0111alo u tim godinama, odlu\u010dili smo se objaviti knjigu o sudskom procesu \u017divanu Kuve\u017edi\u0107u, ministru bez lisnice u Vladi Nezavisne Dr\u017eave Hrvatske.<\/p>\n<p>Ovo je prvenstveno knjiga gra\u0111e s jednog sudskog procesa, koja, vjerujemo, govori dovoljno rije\u010dito o cijelom sustavu poratnog obra\u010duna komunisti\u010dkog re\u017eima s \u00bbnarodnim neprijateljem\u00ab. Na po\u010detku \u017eelimo samo kratko pojasniti za\u0161to smo izabrali upravo \u017divana Kuve\u017edi\u0107a, otkuda naslov knjige i \u0161to smo poku\u0161ali napraviti u uvodnoj studiji.<\/p>\n<p>Po\u010delo je pisanjem biografije \u017divana Kuve\u017edi\u0107a za Hrvatski biografski leksikon. Ova edicija tra\u017ei iscrpan prikaz \u017eivota i djelovanja ljudi koji u nju ulaze, pa objavljena literatura \u010desto nije dostatna. Tako je i za Kuve\u017edi\u0107a osnovne podatke trebalo dopuniti arhivskim istra\u017eivanjem. Presudna nam je pri tome bila pomo\u0107 kolege Mate Rupi\u0107a, koji je prvi pisao njegovu kratku biografiju za Tko je tko u NDH i uputio nas na arhivske fondove koje je nekoliko godina ranije pregledavao. Ono na \u0161to smo nai\u0161li u Dr\u017eavnom arhivu u Zagrebu pokazalo se izuzetnim: cijelovit istra\u017eni i sudski proces, od Kuve\u017edi\u0107eve prve izjave pa do izvr\u0161enja smrtne presude. No, nije nas privukla samo zanimljiva gra\u0111a. U\u010dinilo nam se i da je osoba \u017divana Kuve\u017edi\u0107a izvanredan primjer problema polo\u017eaja pojedinca u poratnoj politici retribucije u Hrvatskoj\/Jugoslaviji, koju je provodila nova komunisti\u010dka vlast. Tada smo i odlu\u010dili prirediti i objaviti ovu jedinstvenu gra\u0111u.<\/p>\n<p>Ove knjige ne bi bilo da nam unuk \u017divana Kuve\u017edi\u0107a, \u017divan Bali\u010devi\u0107 (Ila\u010da kod Tovarnika), nije dao dopu\u0161tenje koristiti gra\u0111u sudskog procesa. Osim toga, ustupio nam je ono \u0161to je imao od obiteljskih dokumenata i fotografija. Stoga njemu dugujemo posebnu zahvalnost.<\/p>\n<p>Naslov koji smo izabrali parafrazira \u2014 vjerujemo da svi prepoznaju \u2014 onaj poznatiji, Zlo\u010din i kaznu . No, pojam \u00bbkrivnje\u00ab znatno je \u0161iri. Kazneno pravo opisuje ga kao \u00bbsubjektivan odnos po\u010dinitelja prema djelu zbog kojeg mu pravni sustav mo\u017ee uputiti prijekor tj. sankciju\u00ab. Podrazumijeva se da bi pravni sustav trebao pravedno ocijeniti stupanj krivnje i odrediti razmjernu kaznu. Naravno, on mo\u017ee osobu i osloboditi krivnje. Pitanje koje postavlja Kuve\u017edi\u0107ev proces upravo je ovo: koliko je sud dobro procijenio njegovu krivnju i je li izre\u010dena presuda odgovarala te\u017eini po\u010dinjenog djela. No, ponajvi\u0161e otvara pitanje koliko je sud doista sudio po profesionalnoj savjesti i odgovornosti, a koliko je bio instrumentom politi\u010dke mo\u0107i.<\/p>\n<p>Samoj gra\u0111i prethodi na\u0161a uvodna studija. Dr\u017eali smo je nu\u017enom kako bismo pojasnili politi\u010dki kontekst u kojem se odvijao Kuve\u017edi\u0107ev sudski proces. U njoj smo stoga poku\u0161ali napraviti usporedni prikaz onoga \u0161to se danas naj\u010de\u0161\u0107e naziva politikom odmazde u pojedinim europskim dr\u017eavama. Slijedi Kuve\u017edi\u0107ev \u017eivotopis, odnosno ono \u0161to smo za sada uspjeli prona\u0107i o njegovom \u017eivotu i djelovanju. Napokon, u tre\u0107em dijelu smo u osnovnim crtama sa\u017eeli istra\u017eni i sudski proces.<\/p>\n<p>U studiji smo poku\u0161ali odgovoriti na neka pitanja, ali nadamo se da su neka ostala dovoljno otvorenima da na njih osjeti potrebu odgovoriti \u010ditatelj sam. U tome \u0107e sigurno biti poticajniji najva\u017eniji dio ove knjige \u2014 gra\u0111a sa sudskog procesa \u017divanu Kuve\u017edi\u0107u.<\/p>\n<p>&nbsp;<\/p>\n<p><a href=\"http:\/\/hipsb.hr\/wp-content\/uploads\/2018\/06\/Sadr\u017eaj.pdf\">http:\/\/hipsb.hr\/wp-content\/uploads\/2018\/06\/Sadr\u017eaj.pdf<\/a><\/p>\n<p>&nbsp;<\/p>\n<p><a href=\"http:\/\/hipsb.hr\/proizvod\/krivnja-kazna-politika-odmazde-sudski-proces-ministru-vladi-ndh-zivanu-kuvezdicu-1948-1949\/\">http:\/\/hipsb.hr\/proizvod\/krivnja-kazna-politika-odmazde-sudski-proces-ministru-vladi-ndh-zivanu-kuvezdicu-1948-1949\/<\/a><\/p>\n<p>&nbsp;<\/p>\n<p>&nbsp;<\/p>\n<p>&nbsp;<\/p>\n","protected":false},"excerpt":{"rendered":"","protected":false},"author":2,"featured_media":10273,"comment_status":"open","ping_status":"open","sticky":false,"template":"","format":"standard","meta":{"_acf_changed":false,"jetpack_post_was_ever_published":false,"_jetpack_newsletter_access":"","_jetpack_dont_email_post_to_subs":false,"_jetpack_newsletter_tier_id":0,"_jetpack_memberships_contains_paywalled_content":false,"_jetpack_memberships_contains_paid_content":false,"footnotes":"","jetpack_publicize_message":"","jetpack_publicize_feature_enabled":true,"jetpack_social_post_already_shared":true,"jetpack_social_options":{"image_generator_settings":{"template":"highway","default_image_id":0,"font":"","enabled":false},"version":2}},"categories":[8,3],"tags":[],"class_list":["post-10272","post","type-post","status-publish","format-standard","has-post-thumbnail","hentry","category-knjige","category-novosti"],"acf":{"facebook_opis":""},"jetpack_publicize_connections":[],"jetpack_featured_media_url":"https:\/\/i0.wp.com\/historiografija.hr\/wp-content\/uploads\/2018\/06\/krivnja-i-kazna.jpg?fit=548%2C800&ssl=1","jetpack_sharing_enabled":true,"jetpack-related-posts":[{"id":52502,"url":"https:\/\/historiografija.hr\/?p=52502","url_meta":{"origin":10272,"position":0},"title":"Novi znanstveni projekt Hrvatskog instituta za povijest: \u201c\u017drtve ratova i dr\u017eavnog\/politi\u010dkog nasilja u hrvatskoj povijesti 20. stolje\u0107a\u201d","author":"Branimir Jankovi\u0107","date":"17. travnja 2026.","format":false,"excerpt":"Na redovitoj sjednici Vlade RH, 16. travnja 2026., donijet je Zaklju\u010dak kojim se pokre\u0107e znanstveni projekt \u201c\u017drtve ratova i dr\u017eavnog\/politi\u010dkog nasilja u hrvatskoj povijesti 20. stolje\u0107a\u201d. Projekt \u0107e provoditi i koordinirati Hrvatski institut za povijest u razdoblju trajanja projekta od pet godina. Zakljucak Vlade RH Iz teksta projektnog prijedloga: Problematika\u2026","rel":"","context":"U &quot;Novosti&quot;","block_context":{"text":"Novosti","link":"https:\/\/historiografija.hr\/?cat=3"},"img":{"alt_text":"","src":"https:\/\/i0.wp.com\/historiografija.hr\/wp-content\/uploads\/2026\/04\/Vlada-RH.jpg?fit=1200%2C557&ssl=1&resize=350%2C200","width":350,"height":200,"srcset":"https:\/\/i0.wp.com\/historiografija.hr\/wp-content\/uploads\/2026\/04\/Vlada-RH.jpg?fit=1200%2C557&ssl=1&resize=350%2C200 1x, https:\/\/i0.wp.com\/historiografija.hr\/wp-content\/uploads\/2026\/04\/Vlada-RH.jpg?fit=1200%2C557&ssl=1&resize=525%2C300 1.5x, https:\/\/i0.wp.com\/historiografija.hr\/wp-content\/uploads\/2026\/04\/Vlada-RH.jpg?fit=1200%2C557&ssl=1&resize=700%2C400 2x, https:\/\/i0.wp.com\/historiografija.hr\/wp-content\/uploads\/2026\/04\/Vlada-RH.jpg?fit=1200%2C557&ssl=1&resize=1050%2C600 3x"},"classes":[]},{"id":52628,"url":"https:\/\/historiografija.hr\/?p=52628","url_meta":{"origin":10272,"position":1},"title":"Predavanje dopisnog \u010dlana HAZU Alaina Finkielkrauta Izrael, Europa, antisemitizam","author":"Branimir Jankovi\u0107","date":"23. travnja 2026.","format":false,"excerpt":"Francuski filozof Alain Finkielkraut, redoviti \u010dlan Francuske akademije i dopisni \u010dlan HAZU, odr\u017eat \u0107e predavanje\u00a0Izrael, Europa, antisemitizam u utorak 28. travnja 2026. u 13 sati u Knji\u017enici HAZU,\u00a0Strossmayerov trg 14 u Zagrebu. Uvodne rije\u010di odr\u017eat \u0107e\u00a0akademkinja \u017deljka \u010corak i\u00a0akademik Dra\u017een Katunari\u0107. Predavanje \u0107e se odr\u017eati na francuskom jeziku uz konsekutivno\u2026","rel":"","context":"U &quot;Novosti&quot;","block_context":{"text":"Novosti","link":"https:\/\/historiografija.hr\/?cat=3"},"img":{"alt_text":"","src":"https:\/\/i0.wp.com\/historiografija.hr\/wp-content\/uploads\/2026\/04\/Alain_Finkielkraut.jpg?fit=350%2C407&ssl=1&resize=350%2C200","width":350,"height":200},"classes":[]},{"id":52633,"url":"https:\/\/historiografija.hr\/?p=52633","url_meta":{"origin":10272,"position":2},"title":"POVIJEST TRE\u0160NJEVA\u010cKE GLAZBE: prikupljanje virtualnog fundusa Muzeja susjedstva Tre\u0161njevka","author":"Branimir Jankovi\u0107","date":"23. travnja 2026.","format":false,"excerpt":"utorak 28. 4. 2026. 14 - 18 h Nova BAZA, Nova cesta 66, Zagreb Prvi su dani ljeta 1957. godine. Bo\u017eica Kalafati\u0107 poha\u0111a drugi razred Osnovne \u0161kole Bratstvo i jedinstvo, danas kralja Tomislava, a ide i na muzi\u010dke satove u Mo\u0161\u0107eni\u010dkoj ulici. Na fotografiji s harmonikom u rukama stoji u\u2026","rel":"","context":"U &quot;Novosti&quot;","block_context":{"text":"Novosti","link":"https:\/\/historiografija.hr\/?cat=3"},"img":{"alt_text":"","src":"https:\/\/i0.wp.com\/historiografija.hr\/wp-content\/uploads\/2026\/04\/MST_prikupljanje.jpg?fit=380%2C475&ssl=1&resize=350%2C200","width":350,"height":200},"classes":[]},{"id":52496,"url":"https:\/\/historiografija.hr\/?p=52496","url_meta":{"origin":10272,"position":3},"title":"30 godina Podru\u017enice \u2013 Javno predavanje Matea \u010calu\u0161i\u0107a \u201eSlavonski Brod u Domovinskom ratu\u201c","author":"Branimir Jankovi\u0107","date":"17. travnja 2026.","format":false,"excerpt":"U 2026. navr\u0161ava se trideset godina od osnutka Podru\u017enice za povijest Slavonije, Srijema i Baranje Hrvatskoga instituta za povijest. Obilje\u017eavanje ove zna\u010dajne obljetnice zapo\u010dinje ciklusom javnih povijesnih predavanja znanstvenika Instituta. Tre\u0107e po redu je predavanje Matea \u010calu\u0161i\u0107a \u2013 \u201eSLAVONSKI BROD U DOMOVINSKOM RATU\u201c. Predavanje \u0107e se odr\u017eati 21. travnja 2026.\u2026","rel":"","context":"U &quot;Novosti&quot;","block_context":{"text":"Novosti","link":"https:\/\/historiografija.hr\/?cat=3"},"img":{"alt_text":"","src":"https:\/\/i0.wp.com\/historiografija.hr\/wp-content\/uploads\/2026\/04\/Predavanje-Calusic.png?fit=860%2C1200&ssl=1&resize=350%2C200","width":350,"height":200,"srcset":"https:\/\/i0.wp.com\/historiografija.hr\/wp-content\/uploads\/2026\/04\/Predavanje-Calusic.png?fit=860%2C1200&ssl=1&resize=350%2C200 1x, https:\/\/i0.wp.com\/historiografija.hr\/wp-content\/uploads\/2026\/04\/Predavanje-Calusic.png?fit=860%2C1200&ssl=1&resize=525%2C300 1.5x, https:\/\/i0.wp.com\/historiografija.hr\/wp-content\/uploads\/2026\/04\/Predavanje-Calusic.png?fit=860%2C1200&ssl=1&resize=700%2C400 2x"},"classes":[]},{"id":52573,"url":"https:\/\/historiografija.hr\/?p=52573","url_meta":{"origin":10272,"position":4},"title":"Znanstvena konferencija &#8220;Filozofija odgoja: povijest, praksa, perspektive&#8221;","author":"Branimir Jankovi\u0107","date":"21. travnja 2026.","format":false,"excerpt":"Znanstvena konferencija \"Filozofija odgoja: povijest, praksa, perspektive\" odr\u017eat \u0107e se 23. i 24. travnja 2026. u Konferencijskoj dvorani Knji\u017enice Filozofskog fakulteta u Zagrebu (2. kat).\u00a0Konferencija je organizirana u okviru projekta\u00a0SUMKOS (voditeljica prof. dr. sc. Ivana Zagorac, financiran\u00a0sredstvima NextGenerationEU), uz potporu Odsjeka za filozofiju.\u00a0 Uz izlaga\u010dki dio, konferencija obuhva\u0107a i izlo\u017ebu\u2026","rel":"","context":"U &quot;Novosti&quot;","block_context":{"text":"Novosti","link":"https:\/\/historiografija.hr\/?cat=3"},"img":{"alt_text":"","src":"","width":0,"height":0},"classes":[]},{"id":52631,"url":"https:\/\/historiografija.hr\/?p=52631","url_meta":{"origin":10272,"position":5},"title":"Predavanje Ivana Tepe\u0161a: Djelovanje hrvatske politi\u010dke emigracije","author":"Branimir Jankovi\u0107","date":"23. travnja 2026.","format":false,"excerpt":"Odjel za me\u0111unarodnu suradnju i iseljeni\u0161tvo Matice hrvatske Predavanje Ivana Tepe\u0161a: Djelovanje hrvatske politi\u010dke emigracije Utorak, 28. travnja 2026. u 18:00 sati, Dvorana Ljudevita Jonkea (Mala dvorana MH), Strossmayerov trg 4, Zagreb dr. sc. Ivan Tepe\u0161, Institut za istra\u017eivanje migracija Hrvatska politi\u010dka emigracija obilje\u017eila je polustoljetnu hrvatsku povijest u drugoj\u2026","rel":"","context":"U &quot;Novosti&quot;","block_context":{"text":"Novosti","link":"https:\/\/historiografija.hr\/?cat=3"},"img":{"alt_text":"","src":"","width":0,"height":0},"classes":[]}],"_links":{"self":[{"href":"https:\/\/historiografija.hr\/index.php?rest_route=\/wp\/v2\/posts\/10272","targetHints":{"allow":["GET"]}}],"collection":[{"href":"https:\/\/historiografija.hr\/index.php?rest_route=\/wp\/v2\/posts"}],"about":[{"href":"https:\/\/historiografija.hr\/index.php?rest_route=\/wp\/v2\/types\/post"}],"author":[{"embeddable":true,"href":"https:\/\/historiografija.hr\/index.php?rest_route=\/wp\/v2\/users\/2"}],"replies":[{"embeddable":true,"href":"https:\/\/historiografija.hr\/index.php?rest_route=%2Fwp%2Fv2%2Fcomments&post=10272"}],"version-history":[{"count":1,"href":"https:\/\/historiografija.hr\/index.php?rest_route=\/wp\/v2\/posts\/10272\/revisions"}],"predecessor-version":[{"id":10274,"href":"https:\/\/historiografija.hr\/index.php?rest_route=\/wp\/v2\/posts\/10272\/revisions\/10274"}],"wp:featuredmedia":[{"embeddable":true,"href":"https:\/\/historiografija.hr\/index.php?rest_route=\/wp\/v2\/media\/10273"}],"wp:attachment":[{"href":"https:\/\/historiografija.hr\/index.php?rest_route=%2Fwp%2Fv2%2Fmedia&parent=10272"}],"wp:term":[{"taxonomy":"category","embeddable":true,"href":"https:\/\/historiografija.hr\/index.php?rest_route=%2Fwp%2Fv2%2Fcategories&post=10272"},{"taxonomy":"post_tag","embeddable":true,"href":"https:\/\/historiografija.hr\/index.php?rest_route=%2Fwp%2Fv2%2Ftags&post=10272"}],"curies":[{"name":"wp","href":"https:\/\/api.w.org\/{rel}","templated":true}]}}