{"id":10248,"date":"2018-06-08T21:58:57","date_gmt":"2018-06-08T21:58:57","guid":{"rendered":"http:\/\/historiografija.hr\/?p=10248"},"modified":"2018-06-08T21:58:57","modified_gmt":"2018-06-08T21:58:57","slug":"izlozba-crveni-univerzitet-karl-marx-pola-veka-zauvek","status":"publish","type":"post","link":"https:\/\/historiografija.hr\/?p=10248","title":{"rendered":"Izlo\u017eba \u201cCrveni univerzitet \u201cKarl Marx\u201d \u2013 pola veka zauvek\u201d"},"content":{"rendered":"<p>Izlo\u017eba \u201cCrveni univerzitet &#8216;Karl Marx&#8217; \u2013 Pola veka zauvek\u201d fotografa Tomislava Peterneka \u2013 o studentskim demonstracijama u Beogradu u lipnju 1968. \u2013 otvorena je od 7. do 21. lipnja 2018. u Domu omladine Beograd.<\/p>\n<p>&nbsp;<\/p>\n<p>&nbsp;<\/p>\n<p>&#8212;<\/p>\n<p>&nbsp;<\/p>\n<p>&nbsp;<\/p>\n<p><strong>IZLO\u017dBA: CRVENI UNIVERZITET \u201cKARL MARX\u201d \u2013 POLA VEKA ZAUVEK<\/strong><\/p>\n<p>&nbsp;<\/p>\n<p>&nbsp;<\/p>\n<p>Dom omladine Beograda<\/p>\n<p>od 7. juna u 19:00 do 21. juna 2018. &#8211; DOB\/\/HOL ISPRED VELIKE SALE<\/p>\n<p>&nbsp;<\/p>\n<p>&nbsp;<\/p>\n<p>STUDENTSKE DEMONSTRACIJE U BEOGRADU JUNA 1968. FOTOGRAFIJE TOMISLAVA PETERNEKA SA LICA MESTA, PEDESET GODINA KASNIJE<\/p>\n<p>&nbsp;<\/p>\n<p>&nbsp;<\/p>\n<p>OTVARANJE IZLO\u017dBE UZ PRISUSTVO AUTORA I NEKADA\u0160NJIH ORGANIZATORA<\/p>\n<p>&nbsp;<\/p>\n<p>&nbsp;<\/p>\n<p>Kad su juna 1968, u glavnom gradu SFR Jugoslavije, Beogradu, po\u010dele studentske demonstracije, bilo je jasno da vi\u0161e nikad ne\u0107e biti povratka na staro. Bile su to prve demonstracije koje su se mogle nazvati \u201cgra\u0111anskim nemirima\u201d, i koje su kao cilj postavile boljitak svih slojeva stanovni\u0161tva, kritikuju\u0107i zvani\u010dnu liniju Saveza Komunista Jugoslavije. Bile su to samopokrenute demonstracije koje nije vodila nijedna politi\u010dka organizacija, jer njih nije ni bilo, mimo SKJ. Bile su to, tako\u0111e, demonstracije bez nacionalisti\u010dkog predznaka, sa naglaskom na internacionalizmu.<\/p>\n<p>Mada su se tokom \u0161ezdesetih tenzije u jugoslovenskom dru\u0161tvu drasti\u010dno umno\u017eavale ubrzanim ekonomskim razvojem i modernizacijom koja je dovela do ubrzanog raslojavanja i velikih socijalnih razlika \u2013 osim sporadi\u010dnih radni\u010dkih \u0161trajkova, ozbiljnih protesta na javnoj sceni nije bilo. Zato su doga\u0111aji u Beogradu do\u0161li kao veliko iznena\u0111enje, ne samo za politi\u010dku elitu, nego i za naj\u0161iru javnost.<\/p>\n<p>Sve je po\u010delo 2. juna okr\u0161ajem studenata i policije ispred sale Radni\u010dkom doma Novi Beograd, gde je zbog lo\u0161eg vremena preba\u010den sa otvorenog koncert popularnih peva\u010da sa manifestacije \u201cMikrofon je va\u0161\u201d. Povod za sukob bila je nemogu\u0107nost ulaska svih zainteresovanih, ali je bilo jasno da se razlozi mnogo dublji \u2013 izvor je svakako ogor\u010denost studenata iz cele zemlje na\u010dinom na koji su tretirani, stanjem besperspektivnosti u dru\u0161tvu i neodgovornim na\u010dinom na koji se re\u0161avaju problem sve ra\u0161irenije nema\u0161tine, koja je dovela do odlaska na rad u inostranstvo sve ve\u0107eg broja mladih.<\/p>\n<p>Sutradan, 3. juna, iz pravca Studentskog grada kolona sa vi\u0161e hiljada u\u010desnika krenula je ka centru grada da iska\u017ee svoje zahteve, ali je kordon Narodne milicije, presreo kod kod, danas nepostoje\u0107eg, podvo\u017enjaka ispod pruge na Novom Beogradu. U sukobu, do kog je neminovno do\u0161lo, bilo je vi\u0161e ranjenih, a govorilo se i o \u017ertvama. Prva posledica ovog doga\u0111aja bilo je progla\u0161avanje op\u0161teg \u0161trajka na svim fakultetima Beogradskog Univerziteta \u2013 od 4. juna \u2013 jezgro otpora bilo je u zgradi Rektorata gde su se student zatvorili o premenovali ga u Crveni Univerzitet \u201cKarl Marx\u201d. Slede\u0107ih sedam dana tu su se odr\u017eavali govori, pravili planovi i iznosili politi\u010dki zahtevi, sve uz podr\u0161ku i aktivno u\u010de\u0161\u0107e umetnika iz sveta filma, pozori\u0161ta, muzi\u010dara i slikara. Progla\u0161avaju\u0107i kao osnovni cilj \u201cborbu protiv crvene bur\u017eoazije\u201d studentski pokret je direktno izazvao partijsku oligarhiju, i tek je Titov govor preko televizije doveo do okon\u010danja protesta.<\/p>\n<p>Na licu mesta kod podvo\u017enjaka, ali i na drugim mestima, bio je na\u0161, tada ve\u0107 priznati fotograf Tomislav Peternek, kasnije \u010duveni urednik u NIN-u, koji je ovekove\u010dio ova zbivanja. Naravno, nigde nije bilo mogu\u0107e objaviti tada nastale fotografije, izuzetne istorijske vrednosti. Reagovala je uprava Doma omladine Beograda na \u010delu sa Nikolom Markovi\u0107em, koji je u saradnji sa autorom odmah organizovao izlo\u017ebu o kojoj se malo \u0161ta unapred znalo, osim teme \u2013 na otvaranju su sve fotografije bile prekrivene za\u0161titnim papirom. Poznata glumica Sne\u017eana Nik\u0161i\u0107 skidala je jedan po jedan papir, dok \u2013 simboli\u010dno \u2013 nisu sve fotografije bile otkrivene, daju\u0107i po prvi put gra\u0111anima Beograda priliku da vide svojim o\u010dima \u0161ta se sve de\u0161avalo tokom sedam dana koji su promenili Jugoslaviju.<\/p>\n<p>Dom omladine Beograda bio je deo ovih va\u017enih istorijskih zbivanja. \u010cast nam je da ta\u010dno na njihovu pedesetogodi\u0161njicu rekonstrui\u0161emo izlo\u017ebu fotografija Tomislava Peterneka, koja je prva svetu predstavila sliku sa studentskih demonstracija u Beogradu 1968 godine. Njihova uzbudljiva autenti\u010dnost prenosi nas u neko drugo vreme, kad je nada da se mo\u017ee bolje \u017eiveti bila jedini politi\u010dki program mladih ljudi ovog grada i dr\u017eave.<\/p>\n<p>&nbsp;<\/p>\n<p>&nbsp;<\/p>\n<p>Izvori i dodatne informacije:<\/p>\n<p>&nbsp;<\/p>\n<p>&nbsp;<\/p>\n<blockquote class=\"wp-embedded-content\" data-secret=\"R0DdEj1NA9\"><p><a href=\"http:\/\/domomladine.org\/izlozbe\/izlozba-crveni-univerzitet-karl-marx-pola-veka-zauvek\/\">IZLO\u017dBA: CRVENI UNIVERZITET \u201cKARL MARX\u201d \u2013 POLA VEKA ZAUVEK<\/a><\/p><\/blockquote>\n<p><iframe loading=\"lazy\" class=\"wp-embedded-content\" sandbox=\"allow-scripts\" security=\"restricted\" style=\"position: absolute; clip: rect(1px, 1px, 1px, 1px);\" src=\"http:\/\/domomladine.org\/izlozbe\/izlozba-crveni-univerzitet-karl-marx-pola-veka-zauvek\/embed\/#?secret=R0DdEj1NA9\" data-secret=\"R0DdEj1NA9\" width=\"600\" height=\"338\" title=\"&#8220;IZLO\u017dBA: CRVENI UNIVERZITET \u201cKARL MARX\u201d \u2013 POLA VEKA ZAUVEK&#8221; &#8212; Dom omladine Beograda\" frameborder=\"0\" marginwidth=\"0\" marginheight=\"0\" scrolling=\"no\"><\/iframe><\/p>\n<p>&nbsp;<\/p>\n<p>&nbsp;<\/p>\n<p><a href=\"http:\/\/rs.n1info.com\/a392987\/Vesti\/Kultura\/Izlozba-fotogrfija-Tomislava-Peterneka-o-protestima-1968.html\">http:\/\/rs.n1info.com\/a392987\/Vesti\/Kultura\/Izlozba-fotogrfija-Tomislava-Peterneka-o-protestima-1968.html<\/a><\/p>\n<p>&nbsp;<\/p>\n<p>&nbsp;<\/p>\n","protected":false},"excerpt":{"rendered":"","protected":false},"author":2,"featured_media":10249,"comment_status":"open","ping_status":"open","sticky":false,"template":"","format":"standard","meta":{"_acf_changed":false,"jetpack_post_was_ever_published":false,"_jetpack_newsletter_access":"","_jetpack_dont_email_post_to_subs":false,"_jetpack_newsletter_tier_id":0,"_jetpack_memberships_contains_paywalled_content":false,"_jetpack_memberships_contains_paid_content":false,"footnotes":"","jetpack_publicize_message":"","jetpack_publicize_feature_enabled":true,"jetpack_social_post_already_shared":true,"jetpack_social_options":{"image_generator_settings":{"template":"highway","default_image_id":0,"font":"","enabled":false},"version":2}},"categories":[10,3],"tags":[],"class_list":["post-10248","post","type-post","status-publish","format-standard","has-post-thumbnail","hentry","category-izlozbe","category-novosti"],"acf":{"facebook_opis":""},"jetpack_publicize_connections":[],"jetpack_featured_media_url":"https:\/\/i0.wp.com\/historiografija.hr\/wp-content\/uploads\/2018\/06\/Tomislav-Peternek-Plakat.jpg?fit=857%2C1200&ssl=1","jetpack_sharing_enabled":true,"jetpack-related-posts":[{"id":52511,"url":"https:\/\/historiografija.hr\/?p=52511","url_meta":{"origin":10248,"position":0},"title":"Izlo\u017eba &#8220;Lica Sljemena&#8221;","author":"Branimir Jankovi\u0107","date":"17. travnja 2026.","format":false,"excerpt":"Srda\u010dno vas pozivamo na otvorenje izlo\u017ebe Lica Sljemena koje \u0107e se odr\u017eati u srijedu 22. travnja 2026. u 18 h ispred Muzeja Prigorja (Trg Dragutina Domjani\u0107a 5, Sesvete). Izlo\u017eba proizlazi iz istra\u017eivanja Nevene \u0160krbi\u0107 Alempijevi\u0107, Petre Kelemen i Sanje Potkonjak te intervjua sa Sljemena\u0161icama i Sljemena\u0161ima, koji su provedeni u\u2026","rel":"","context":"U &quot;Izlo\u017ebe&quot;","block_context":{"text":"Izlo\u017ebe","link":"https:\/\/historiografija.hr\/?cat=10"},"img":{"alt_text":"","src":"https:\/\/i0.wp.com\/historiografija.hr\/wp-content\/uploads\/2026\/04\/Izlozba-Lica-Sljemena.png?fit=1080%2C686&ssl=1&resize=350%2C200","width":350,"height":200,"srcset":"https:\/\/i0.wp.com\/historiografija.hr\/wp-content\/uploads\/2026\/04\/Izlozba-Lica-Sljemena.png?fit=1080%2C686&ssl=1&resize=350%2C200 1x, https:\/\/i0.wp.com\/historiografija.hr\/wp-content\/uploads\/2026\/04\/Izlozba-Lica-Sljemena.png?fit=1080%2C686&ssl=1&resize=525%2C300 1.5x, https:\/\/i0.wp.com\/historiografija.hr\/wp-content\/uploads\/2026\/04\/Izlozba-Lica-Sljemena.png?fit=1080%2C686&ssl=1&resize=700%2C400 2x, https:\/\/i0.wp.com\/historiografija.hr\/wp-content\/uploads\/2026\/04\/Izlozba-Lica-Sljemena.png?fit=1080%2C686&ssl=1&resize=1050%2C600 3x"},"classes":[]},{"id":52657,"url":"https:\/\/historiografija.hr\/?p=52657","url_meta":{"origin":10248,"position":1},"title":"[Predavanje] Jezik i drugost u (post)socijalisti\u010dkoj Srbiji: diskurzivne politike identiteta (YugoLab)","author":"Branimir Jankovi\u0107","date":"24. travnja 2026.","format":false,"excerpt":"U sklopu projekta Prizma \/ IMAGINATION (\u201eZami\u0161ljanje nacije: srpski nacionalni narativi u sporu (XX\u2013XXI vek)\u201c), koji se realizuje na Institutu za filozofiju i dru\u0161tvenu teoriju Univerziteta u Beogradu (2024\u20132027) uz finansijsku podr\u0161ku Fonda za nauku Republike Srbije, organizuje se serija predavanja na kojoj istra\u017eiva\u010di i istra\u017eiva\u010dice projekta predstavljaju rezultate svojih\u2026","rel":"","context":"U &quot;Novosti&quot;","block_context":{"text":"Novosti","link":"https:\/\/historiografija.hr\/?cat=3"},"img":{"alt_text":"","src":"https:\/\/i0.wp.com\/historiografija.hr\/wp-content\/uploads\/2026\/04\/IFDT_28_IV.png?fit=1200%2C675&ssl=1&resize=350%2C200","width":350,"height":200,"srcset":"https:\/\/i0.wp.com\/historiografija.hr\/wp-content\/uploads\/2026\/04\/IFDT_28_IV.png?fit=1200%2C675&ssl=1&resize=350%2C200 1x, https:\/\/i0.wp.com\/historiografija.hr\/wp-content\/uploads\/2026\/04\/IFDT_28_IV.png?fit=1200%2C675&ssl=1&resize=525%2C300 1.5x, https:\/\/i0.wp.com\/historiografija.hr\/wp-content\/uploads\/2026\/04\/IFDT_28_IV.png?fit=1200%2C675&ssl=1&resize=700%2C400 2x, https:\/\/i0.wp.com\/historiografija.hr\/wp-content\/uploads\/2026\/04\/IFDT_28_IV.png?fit=1200%2C675&ssl=1&resize=1050%2C600 3x"},"classes":[]},{"id":52505,"url":"https:\/\/historiografija.hr\/?p=52505","url_meta":{"origin":10248,"position":2},"title":"Izlo\u017eba &#8220;Eschenstock \/ Jasenov prut&#8221;","author":"Branimir Jankovi\u0107","date":"17. travnja 2026.","format":false,"excerpt":"Srpsko narodno vije\u0107e (SNV) i Vizura aperta postavljaju izlo\u017ebu \u0161vicarskog slikara Velimira Ili\u0161evi\u0107a: Eschenstock \/ Jasenov prut. Izlo\u017eba se uz prisustvo autora otvara povodom 81. godi\u0161njice proboja logora\u0161a iz usta\u0161kog logora smrti Jasenovac 22. aprila 2026. u 19 sati u Srpskom kulturnom centru (SKC) u Preradovi\u0107evoj ulici 21 u Zagrebu.\u2026","rel":"","context":"U &quot;Izlo\u017ebe&quot;","block_context":{"text":"Izlo\u017ebe","link":"https:\/\/historiografija.hr\/?cat=10"},"img":{"alt_text":"","src":"https:\/\/i0.wp.com\/historiografija.hr\/wp-content\/uploads\/2026\/04\/Jasenov_prut.jpg?fit=1024%2C640&ssl=1&resize=350%2C200","width":350,"height":200,"srcset":"https:\/\/i0.wp.com\/historiografija.hr\/wp-content\/uploads\/2026\/04\/Jasenov_prut.jpg?fit=1024%2C640&ssl=1&resize=350%2C200 1x, https:\/\/i0.wp.com\/historiografija.hr\/wp-content\/uploads\/2026\/04\/Jasenov_prut.jpg?fit=1024%2C640&ssl=1&resize=525%2C300 1.5x, https:\/\/i0.wp.com\/historiografija.hr\/wp-content\/uploads\/2026\/04\/Jasenov_prut.jpg?fit=1024%2C640&ssl=1&resize=700%2C400 2x"},"classes":[]},{"id":52575,"url":"https:\/\/historiografija.hr\/?p=52575","url_meta":{"origin":10248,"position":3},"title":"Izlo\u017eba dje\u010djih radova \u201cU po\u010detku bija\u0161e crte\u017e\u2026\u201d","author":"Branimir Jankovi\u0107","date":"21. travnja 2026.","format":false,"excerpt":"U subotu, 25. travnja 2026. u 11 sati u Galeriji Klovi\u0107evi dvori sve\u010dano otvaramo izlo\u017ebu dje\u010djih radova pod nazivom U po\u010detku bija\u0161e crte\u017e\u2026 Radovi su nastali u sklopu likovnih radionica uz izlo\u017ebu U po\u010detku bija\u0161e kraljevstvo \u2013 izlo\u017eba povodom 1100 godina Hrvatskoga Kraljevstva. Na brojnim likovnim radionicama, uz \u0161kolsku djecu,\u2026","rel":"","context":"U &quot;Izlo\u017ebe&quot;","block_context":{"text":"Izlo\u017ebe","link":"https:\/\/historiografija.hr\/?cat=10"},"img":{"alt_text":"","src":"https:\/\/i0.wp.com\/historiografija.hr\/wp-content\/uploads\/2025\/10\/Klovicevi_sluzbeni-plakat.png?fit=840%2C1200&ssl=1&resize=350%2C200","width":350,"height":200,"srcset":"https:\/\/i0.wp.com\/historiografija.hr\/wp-content\/uploads\/2025\/10\/Klovicevi_sluzbeni-plakat.png?fit=840%2C1200&ssl=1&resize=350%2C200 1x, https:\/\/i0.wp.com\/historiografija.hr\/wp-content\/uploads\/2025\/10\/Klovicevi_sluzbeni-plakat.png?fit=840%2C1200&ssl=1&resize=525%2C300 1.5x, https:\/\/i0.wp.com\/historiografija.hr\/wp-content\/uploads\/2025\/10\/Klovicevi_sluzbeni-plakat.png?fit=840%2C1200&ssl=1&resize=700%2C400 2x"},"classes":[]},{"id":52569,"url":"https:\/\/historiografija.hr\/?p=52569","url_meta":{"origin":10248,"position":4},"title":"[Predavanje] Ne \u010dekaju\u0107i inspiraciju \u2013 anga\u017eovane intelektualne, kulturalne i umetni\u010dke prakse u me\u0111uratnom periodu: teorija i praksa kriti\u010dke levice u jugoslovenskoj kulturi (YugoLab)","author":"Branimir Jankovi\u0107","date":"21. travnja 2026.","format":false,"excerpt":"U vreme agresivnog ja\u010danja globalne desnice, (pro)fa\u0161isti\u010dkih, rasisti\u010dkih i imperijalisti\u010dkih politika, dok je istovremeno globalna levica izrazito slaba, a progresivni pokreti atomizirani i fragmentisani, va\u017eno je iz savremene perspektive vratiti se revolucionarnim i emancipatorskim zbivanjima u jugoslovenskom (ali i s njima u vezi internacionalnim de\u0161avanjima), kao i dru\u0161tvenoj ulozi kulturalnih\u2026","rel":"","context":"U &quot;Novosti&quot;","block_context":{"text":"Novosti","link":"https:\/\/historiografija.hr\/?cat=3"},"img":{"alt_text":"","src":"","width":0,"height":0},"classes":[]},{"id":52666,"url":"https:\/\/historiografija.hr\/?p=52666","url_meta":{"origin":10248,"position":5},"title":"Najava programa Festivala povijesti Kliofest (5-8. V. 2026)","author":"Branimir Jankovi\u0107","date":"24. travnja 2026.","format":false,"excerpt":"Po trinaesti put odr\u017eava se Festival povijesti Kliofest! Do petka \u0107emo odr\u017eati osam okruglih stolova i dva kolokvija te niz predstavljanja knjiga i projekata razli\u010dite tematike, od antike do suvremenosti. Bit \u0107e predstavljeno i nekoliko izlo\u017ebi te odr\u017ean jedan povijesni kviz. Prikazat \u0107emo i jedan film \u2013 o generalu Boroevi\u0107u.\u2026","rel":"","context":"U &quot;Novosti&quot;","block_context":{"text":"Novosti","link":"https:\/\/historiografija.hr\/?cat=3"},"img":{"alt_text":"","src":"https:\/\/i0.wp.com\/historiografija.hr\/wp-content\/uploads\/2026\/04\/Kliofest-2026.jpg?fit=526%2C526&ssl=1&resize=350%2C200","width":350,"height":200,"srcset":"https:\/\/i0.wp.com\/historiografija.hr\/wp-content\/uploads\/2026\/04\/Kliofest-2026.jpg?fit=526%2C526&ssl=1&resize=350%2C200 1x, https:\/\/i0.wp.com\/historiografija.hr\/wp-content\/uploads\/2026\/04\/Kliofest-2026.jpg?fit=526%2C526&ssl=1&resize=525%2C300 1.5x"},"classes":[]}],"_links":{"self":[{"href":"https:\/\/historiografija.hr\/index.php?rest_route=\/wp\/v2\/posts\/10248","targetHints":{"allow":["GET"]}}],"collection":[{"href":"https:\/\/historiografija.hr\/index.php?rest_route=\/wp\/v2\/posts"}],"about":[{"href":"https:\/\/historiografija.hr\/index.php?rest_route=\/wp\/v2\/types\/post"}],"author":[{"embeddable":true,"href":"https:\/\/historiografija.hr\/index.php?rest_route=\/wp\/v2\/users\/2"}],"replies":[{"embeddable":true,"href":"https:\/\/historiografija.hr\/index.php?rest_route=%2Fwp%2Fv2%2Fcomments&post=10248"}],"version-history":[{"count":1,"href":"https:\/\/historiografija.hr\/index.php?rest_route=\/wp\/v2\/posts\/10248\/revisions"}],"predecessor-version":[{"id":10250,"href":"https:\/\/historiografija.hr\/index.php?rest_route=\/wp\/v2\/posts\/10248\/revisions\/10250"}],"wp:featuredmedia":[{"embeddable":true,"href":"https:\/\/historiografija.hr\/index.php?rest_route=\/wp\/v2\/media\/10249"}],"wp:attachment":[{"href":"https:\/\/historiografija.hr\/index.php?rest_route=%2Fwp%2Fv2%2Fmedia&parent=10248"}],"wp:term":[{"taxonomy":"category","embeddable":true,"href":"https:\/\/historiografija.hr\/index.php?rest_route=%2Fwp%2Fv2%2Fcategories&post=10248"},{"taxonomy":"post_tag","embeddable":true,"href":"https:\/\/historiografija.hr\/index.php?rest_route=%2Fwp%2Fv2%2Ftags&post=10248"}],"curies":[{"name":"wp","href":"https:\/\/api.w.org\/{rel}","templated":true}]}}