{"id":10245,"date":"2018-06-08T21:44:53","date_gmt":"2018-06-08T21:44:53","guid":{"rendered":"http:\/\/historiografija.hr\/?p=10245"},"modified":"2018-06-08T21:44:53","modified_gmt":"2018-06-08T21:44:53","slug":"izlozba-kadriranja-sezdesetosme","status":"publish","type":"post","link":"https:\/\/historiografija.hr\/?p=10245","title":{"rendered":"Izlo\u017eba &#8220;Kadriranja \u0161ezdesetosme&#8221;"},"content":{"rendered":"<p>U Centru za kulturnu dekontaminaciju u Beogradu u suradnji s Muzejom Jugoslavije i Arhivom Jugoslavije od 3. do 25. lipnja 2018. otvorena je izlo\u017eba \u201cKadriranja \u0161ezdesetosme\u201d, a odr\u017ean je i javni razgovor \u201c1968. i kritika jugoslovenske stvarnosti\u201d na kojem je sudjelovao\u00a0i povjesni\u010dar Hrvoje Klasi\u0107.<\/p>\n<p>&nbsp;<\/p>\n<p>&#8212;<\/p>\n<p>&nbsp;<\/p>\n<p><strong>Kadriranja \u0161ezdesetosme u Centru za kulturnu dekontaminaciju<\/strong><\/p>\n<p>&nbsp;<\/p>\n<p>03.06-25.06.2018.<\/p>\n<p>&nbsp;<\/p>\n<p>Mesto: Centar za kulturnu dekontaminaciju, Paviljon Veljkovi\u0107, Bir\u010daninova 21, Beograd.<\/p>\n<p>&nbsp;<\/p>\n<p>Autori izlo\u017ebe: Tatomir Toroman i Momo Cvijovi\u0107. Glavne fotografije: \u017divorad \u017dika Vu\u010di\u0107, Anton Va\u0161. Tako\u0111e: Stevan Kragujevi\u0107, Mirko Lovri\u0107, Milo\u0161 Ra\u0161eta, Aleksandar Stojanovi\u0107. Stru\u010dni saradnici: Marko Radovanovi\u0107, Radovan Cuki\u0107, Jovana Stojadinovi\u0107. Obrada fotografija: Jovana Stojadinovi\u0107. Dizajn: Mane Radmanovi\u0107.<\/p>\n<p>&nbsp;<\/p>\n<p>Produkcija: Muzej Jugoslavije u saradnji sa Arhivom Jugoslavije i Centrom za kulturnu dekontaminaciju. Zahvaljujemo se Narodnoj biblioteci, Jugoslovenskoj kinoteci, posebno Aleksandru Erdeljanovi\u0107u i Marijani Cuku\u0107an, Inicijativi za obele\u017eavanje 80 godina od izlaska prvog broja lista \u201eStudent\u201c, posebno Branki Ota\u0161evi\u0107, kao i \u017deljku Levnai\u0107u.<\/p>\n<p>&nbsp;<\/p>\n<p>Pola veka nakon jednog od najburnijih doga\u0111aja u socijalisti\u010dkoj Jugoslaviji mo\u017ee se jo\u0161 uvek prona\u0107i nedovoljno poznat i neistra\u017een dokumentarni materijal koji nam omogu\u0107uje da studentski protest 1968. godine bolje kontekstualizujemo, jo\u0161 jednom sagledamo i analiziramo. Fotografije TANJUG \u2013 ovih fotoreportera i izve\u0161taji koje je Josip Broz Tito dobijao svakodnevno, kroz izlo\u017ebu se ukr\u0161taju u dramati\u010dnoj pri\u010di o osloba\u0111anju utopijske energije, munjevitom prodoru u politi\u010dku sferu, artikulisanju politi\u010dkih zahteva, zbunjenoj mo\u0107i, neostvarenim mogu\u0107nostima i kontradikcijama jugoslovenskog socijalizma.<\/p>\n<p>&nbsp;<\/p>\n<p>\u201eMi, studenti i profesori Beogradskog univerziteta, poveli smo borbu dr\u017ee\u0107i se Tvoje misli da treba pre\u0107i sa re\u010di na delo. Ciljevi ove na\u0161e borbe su: istinsko sprovo\u0111enje i razvijanje samoupravljanja u svim oblastima na\u0161eg dru\u0161tva, dosledno i energi\u010dno ostvarivanje mera dru\u0161tvene i privredne reforme, pobolj\u0161anje polo\u017eaja i ja\u010danje uloge radnog \u010doveka u na\u0161em dru\u0161tvu. Mi smo jedinstveni u toj borbi. Dajemo punu podr\u0161ku istorijskoj borbi koju vodi\u0161 i uveravamo te da smo sastavni deo progresivnih snaga na \u010delu sa Savezom komunista Jugoslavije i Tobom.\u201c<\/p>\n<p>&nbsp;<\/p>\n<p>\u201cDru\u017ee Predsedni\u010de, Dostavljamo Vam \u201cKratku obave\u0161tajno-politi\u010dku procenu u vezi sa studentskim demonstracijama\u201d. Napominjemo da nismo mogli ulaziti u sve aspekte aktivnosti politi\u010dkih faktora kao i u kojoj meri su neki zahtevi studenata opravdani. Cilj nam je da iznesemo kako mi kao slu\u017eba vidimo sve ovo. Na\u0161a je ocena da su u ovome uzele u\u010de\u0161\u0107a najreakcionarnije snage sa namerom ne re\u0161avanja problema studenata nego promene sistema i smene rukovodstva.\u201d<\/p>\n<p>&nbsp;<\/p>\n<p>Izvori i dodatne informacije:<\/p>\n<p>&nbsp;<\/p>\n<p>Kadriranja \u0161ezdesetosme u Centru za kulturnu dekontaminaciju<\/p>\n<p><a href=\"https:\/\/www.muzej-jugoslavije.org\/exhibition\/kadriranja-sezdesetosme-u-centru-za-kulturnu-dekontaminaciju\/\">https:\/\/www.muzej-jugoslavije.org\/exhibition\/kadriranja-sezdesetosme-u-centru-za-kulturnu-dekontaminaciju\/<\/a><\/p>\n<p><a href=\"https:\/\/www.facebook.com\/MuzejJugoslavijeBeograd\/\">https:\/\/www.facebook.com\/MuzejJugoslavijeBeograd\/<\/a><\/p>\n<p>&nbsp;<\/p>\n<p>Izlo\u017eba: Kadriranja \u0161ezdeset osme<\/p>\n<p><a href=\"https:\/\/www.facebook.com\/events\/174761543209758\/\">https:\/\/www.facebook.com\/events\/174761543209758\/<\/a><\/p>\n<p>&nbsp;<\/p>\n<p>Javni razgovor: 1968. i kritika jugoslovenske stvarnosti<\/p>\n<p><a href=\"https:\/\/www.facebook.com\/events\/435499220254224\/\">https:\/\/www.facebook.com\/events\/435499220254224\/<\/a><\/p>\n<p>&nbsp;<\/p>\n<p>\u201cKadriranje \u0161ezdeset osme&#8221;: Da mi\u0161ljenje opet u\u0111e u modu<\/p>\n<p><a href=\"https:\/\/www.oslobodjenje.ba\/o2\/kultura\/kadriranje-sezdeset-osme-da-misljenje-opet-ude-u-modu-369327\">https:\/\/www.oslobodjenje.ba\/o2\/kultura\/kadriranje-sezdeset-osme-da-misljenje-opet-ude-u-modu-369327<\/a><\/p>\n<p>&nbsp;<\/p>\n<p>&nbsp;<\/p>\n","protected":false},"excerpt":{"rendered":"","protected":false},"author":2,"featured_media":10246,"comment_status":"open","ping_status":"open","sticky":false,"template":"","format":"standard","meta":{"_acf_changed":false,"jetpack_post_was_ever_published":false,"_jetpack_newsletter_access":"","_jetpack_dont_email_post_to_subs":false,"_jetpack_newsletter_tier_id":0,"_jetpack_memberships_contains_paywalled_content":false,"_jetpack_memberships_contains_paid_content":false,"footnotes":"","jetpack_publicize_message":"","jetpack_publicize_feature_enabled":true,"jetpack_social_post_already_shared":true,"jetpack_social_options":{"image_generator_settings":{"template":"highway","default_image_id":0,"font":"","enabled":false},"version":2}},"categories":[10,3],"tags":[],"class_list":["post-10245","post","type-post","status-publish","format-standard","has-post-thumbnail","hentry","category-izlozbe","category-novosti"],"acf":{"facebook_opis":""},"jetpack_publicize_connections":[],"jetpack_featured_media_url":"https:\/\/i0.wp.com\/historiografija.hr\/wp-content\/uploads\/2018\/06\/Kadriranja.jpg?fit=1972%2C1037&ssl=1","jetpack_sharing_enabled":true,"jetpack-related-posts":[{"id":52511,"url":"https:\/\/historiografija.hr\/?p=52511","url_meta":{"origin":10245,"position":0},"title":"Izlo\u017eba &#8220;Lica Sljemena&#8221;","author":"Branimir Jankovi\u0107","date":"17. travnja 2026.","format":false,"excerpt":"Srda\u010dno vas pozivamo na otvorenje izlo\u017ebe Lica Sljemena koje \u0107e se odr\u017eati u srijedu 22. travnja 2026. u 18 h ispred Muzeja Prigorja (Trg Dragutina Domjani\u0107a 5, Sesvete). Izlo\u017eba proizlazi iz istra\u017eivanja Nevene \u0160krbi\u0107 Alempijevi\u0107, Petre Kelemen i Sanje Potkonjak te intervjua sa Sljemena\u0161icama i Sljemena\u0161ima, koji su provedeni u\u2026","rel":"","context":"U &quot;Izlo\u017ebe&quot;","block_context":{"text":"Izlo\u017ebe","link":"https:\/\/historiografija.hr\/?cat=10"},"img":{"alt_text":"","src":"https:\/\/i0.wp.com\/historiografija.hr\/wp-content\/uploads\/2026\/04\/Izlozba-Lica-Sljemena.png?fit=1080%2C686&ssl=1&resize=350%2C200","width":350,"height":200,"srcset":"https:\/\/i0.wp.com\/historiografija.hr\/wp-content\/uploads\/2026\/04\/Izlozba-Lica-Sljemena.png?fit=1080%2C686&ssl=1&resize=350%2C200 1x, https:\/\/i0.wp.com\/historiografija.hr\/wp-content\/uploads\/2026\/04\/Izlozba-Lica-Sljemena.png?fit=1080%2C686&ssl=1&resize=525%2C300 1.5x, https:\/\/i0.wp.com\/historiografija.hr\/wp-content\/uploads\/2026\/04\/Izlozba-Lica-Sljemena.png?fit=1080%2C686&ssl=1&resize=700%2C400 2x, https:\/\/i0.wp.com\/historiografija.hr\/wp-content\/uploads\/2026\/04\/Izlozba-Lica-Sljemena.png?fit=1080%2C686&ssl=1&resize=1050%2C600 3x"},"classes":[]},{"id":52505,"url":"https:\/\/historiografija.hr\/?p=52505","url_meta":{"origin":10245,"position":1},"title":"Izlo\u017eba &#8220;Eschenstock \/ Jasenov prut&#8221;","author":"Branimir Jankovi\u0107","date":"17. travnja 2026.","format":false,"excerpt":"Srpsko narodno vije\u0107e (SNV) i Vizura aperta postavljaju izlo\u017ebu \u0161vicarskog slikara Velimira Ili\u0161evi\u0107a: Eschenstock \/ Jasenov prut. Izlo\u017eba se uz prisustvo autora otvara povodom 81. godi\u0161njice proboja logora\u0161a iz usta\u0161kog logora smrti Jasenovac 22. aprila 2026. u 19 sati u Srpskom kulturnom centru (SKC) u Preradovi\u0107evoj ulici 21 u Zagrebu.\u2026","rel":"","context":"U &quot;Izlo\u017ebe&quot;","block_context":{"text":"Izlo\u017ebe","link":"https:\/\/historiografija.hr\/?cat=10"},"img":{"alt_text":"","src":"https:\/\/i0.wp.com\/historiografija.hr\/wp-content\/uploads\/2026\/04\/Jasenov_prut.jpg?fit=1024%2C640&ssl=1&resize=350%2C200","width":350,"height":200,"srcset":"https:\/\/i0.wp.com\/historiografija.hr\/wp-content\/uploads\/2026\/04\/Jasenov_prut.jpg?fit=1024%2C640&ssl=1&resize=350%2C200 1x, https:\/\/i0.wp.com\/historiografija.hr\/wp-content\/uploads\/2026\/04\/Jasenov_prut.jpg?fit=1024%2C640&ssl=1&resize=525%2C300 1.5x, https:\/\/i0.wp.com\/historiografija.hr\/wp-content\/uploads\/2026\/04\/Jasenov_prut.jpg?fit=1024%2C640&ssl=1&resize=700%2C400 2x"},"classes":[]},{"id":52657,"url":"https:\/\/historiografija.hr\/?p=52657","url_meta":{"origin":10245,"position":2},"title":"[Predavanje] Jezik i drugost u (post)socijalisti\u010dkoj Srbiji: diskurzivne politike identiteta (YugoLab)","author":"Branimir Jankovi\u0107","date":"24. travnja 2026.","format":false,"excerpt":"U sklopu projekta Prizma \/ IMAGINATION (\u201eZami\u0161ljanje nacije: srpski nacionalni narativi u sporu (XX\u2013XXI vek)\u201c), koji se realizuje na Institutu za filozofiju i dru\u0161tvenu teoriju Univerziteta u Beogradu (2024\u20132027) uz finansijsku podr\u0161ku Fonda za nauku Republike Srbije, organizuje se serija predavanja na kojoj istra\u017eiva\u010di i istra\u017eiva\u010dice projekta predstavljaju rezultate svojih\u2026","rel":"","context":"U &quot;Novosti&quot;","block_context":{"text":"Novosti","link":"https:\/\/historiografija.hr\/?cat=3"},"img":{"alt_text":"","src":"https:\/\/i0.wp.com\/historiografija.hr\/wp-content\/uploads\/2026\/04\/IFDT_28_IV.png?fit=1200%2C675&ssl=1&resize=350%2C200","width":350,"height":200,"srcset":"https:\/\/i0.wp.com\/historiografija.hr\/wp-content\/uploads\/2026\/04\/IFDT_28_IV.png?fit=1200%2C675&ssl=1&resize=350%2C200 1x, https:\/\/i0.wp.com\/historiografija.hr\/wp-content\/uploads\/2026\/04\/IFDT_28_IV.png?fit=1200%2C675&ssl=1&resize=525%2C300 1.5x, https:\/\/i0.wp.com\/historiografija.hr\/wp-content\/uploads\/2026\/04\/IFDT_28_IV.png?fit=1200%2C675&ssl=1&resize=700%2C400 2x, https:\/\/i0.wp.com\/historiografija.hr\/wp-content\/uploads\/2026\/04\/IFDT_28_IV.png?fit=1200%2C675&ssl=1&resize=1050%2C600 3x"},"classes":[]},{"id":52575,"url":"https:\/\/historiografija.hr\/?p=52575","url_meta":{"origin":10245,"position":3},"title":"Izlo\u017eba dje\u010djih radova \u201cU po\u010detku bija\u0161e crte\u017e\u2026\u201d","author":"Branimir Jankovi\u0107","date":"21. travnja 2026.","format":false,"excerpt":"U subotu, 25. travnja 2026. u 11 sati u Galeriji Klovi\u0107evi dvori sve\u010dano otvaramo izlo\u017ebu dje\u010djih radova pod nazivom U po\u010detku bija\u0161e crte\u017e\u2026 Radovi su nastali u sklopu likovnih radionica uz izlo\u017ebu U po\u010detku bija\u0161e kraljevstvo \u2013 izlo\u017eba povodom 1100 godina Hrvatskoga Kraljevstva. Na brojnim likovnim radionicama, uz \u0161kolsku djecu,\u2026","rel":"","context":"U &quot;Izlo\u017ebe&quot;","block_context":{"text":"Izlo\u017ebe","link":"https:\/\/historiografija.hr\/?cat=10"},"img":{"alt_text":"","src":"https:\/\/i0.wp.com\/historiografija.hr\/wp-content\/uploads\/2025\/10\/Klovicevi_sluzbeni-plakat.png?fit=840%2C1200&ssl=1&resize=350%2C200","width":350,"height":200,"srcset":"https:\/\/i0.wp.com\/historiografija.hr\/wp-content\/uploads\/2025\/10\/Klovicevi_sluzbeni-plakat.png?fit=840%2C1200&ssl=1&resize=350%2C200 1x, https:\/\/i0.wp.com\/historiografija.hr\/wp-content\/uploads\/2025\/10\/Klovicevi_sluzbeni-plakat.png?fit=840%2C1200&ssl=1&resize=525%2C300 1.5x, https:\/\/i0.wp.com\/historiografija.hr\/wp-content\/uploads\/2025\/10\/Klovicevi_sluzbeni-plakat.png?fit=840%2C1200&ssl=1&resize=700%2C400 2x"},"classes":[]},{"id":52569,"url":"https:\/\/historiografija.hr\/?p=52569","url_meta":{"origin":10245,"position":4},"title":"[Predavanje] Ne \u010dekaju\u0107i inspiraciju \u2013 anga\u017eovane intelektualne, kulturalne i umetni\u010dke prakse u me\u0111uratnom periodu: teorija i praksa kriti\u010dke levice u jugoslovenskoj kulturi (YugoLab)","author":"Branimir Jankovi\u0107","date":"21. travnja 2026.","format":false,"excerpt":"U vreme agresivnog ja\u010danja globalne desnice, (pro)fa\u0161isti\u010dkih, rasisti\u010dkih i imperijalisti\u010dkih politika, dok je istovremeno globalna levica izrazito slaba, a progresivni pokreti atomizirani i fragmentisani, va\u017eno je iz savremene perspektive vratiti se revolucionarnim i emancipatorskim zbivanjima u jugoslovenskom (ali i s njima u vezi internacionalnim de\u0161avanjima), kao i dru\u0161tvenoj ulozi kulturalnih\u2026","rel":"","context":"U &quot;Novosti&quot;","block_context":{"text":"Novosti","link":"https:\/\/historiografija.hr\/?cat=3"},"img":{"alt_text":"","src":"","width":0,"height":0},"classes":[]},{"id":52631,"url":"https:\/\/historiografija.hr\/?p=52631","url_meta":{"origin":10245,"position":5},"title":"Predavanje Ivana Tepe\u0161a: Djelovanje hrvatske politi\u010dke emigracije","author":"Branimir Jankovi\u0107","date":"23. travnja 2026.","format":false,"excerpt":"Odjel za me\u0111unarodnu suradnju i iseljeni\u0161tvo Matice hrvatske Predavanje Ivana Tepe\u0161a: Djelovanje hrvatske politi\u010dke emigracije Utorak, 28. travnja 2026. u 18:00 sati, Dvorana Ljudevita Jonkea (Mala dvorana MH), Strossmayerov trg 4, Zagreb dr. sc. Ivan Tepe\u0161, Institut za istra\u017eivanje migracija Hrvatska politi\u010dka emigracija obilje\u017eila je polustoljetnu hrvatsku povijest u drugoj\u2026","rel":"","context":"U &quot;Novosti&quot;","block_context":{"text":"Novosti","link":"https:\/\/historiografija.hr\/?cat=3"},"img":{"alt_text":"","src":"","width":0,"height":0},"classes":[]}],"_links":{"self":[{"href":"https:\/\/historiografija.hr\/index.php?rest_route=\/wp\/v2\/posts\/10245","targetHints":{"allow":["GET"]}}],"collection":[{"href":"https:\/\/historiografija.hr\/index.php?rest_route=\/wp\/v2\/posts"}],"about":[{"href":"https:\/\/historiografija.hr\/index.php?rest_route=\/wp\/v2\/types\/post"}],"author":[{"embeddable":true,"href":"https:\/\/historiografija.hr\/index.php?rest_route=\/wp\/v2\/users\/2"}],"replies":[{"embeddable":true,"href":"https:\/\/historiografija.hr\/index.php?rest_route=%2Fwp%2Fv2%2Fcomments&post=10245"}],"version-history":[{"count":1,"href":"https:\/\/historiografija.hr\/index.php?rest_route=\/wp\/v2\/posts\/10245\/revisions"}],"predecessor-version":[{"id":10247,"href":"https:\/\/historiografija.hr\/index.php?rest_route=\/wp\/v2\/posts\/10245\/revisions\/10247"}],"wp:featuredmedia":[{"embeddable":true,"href":"https:\/\/historiografija.hr\/index.php?rest_route=\/wp\/v2\/media\/10246"}],"wp:attachment":[{"href":"https:\/\/historiografija.hr\/index.php?rest_route=%2Fwp%2Fv2%2Fmedia&parent=10245"}],"wp:term":[{"taxonomy":"category","embeddable":true,"href":"https:\/\/historiografija.hr\/index.php?rest_route=%2Fwp%2Fv2%2Fcategories&post=10245"},{"taxonomy":"post_tag","embeddable":true,"href":"https:\/\/historiografija.hr\/index.php?rest_route=%2Fwp%2Fv2%2Ftags&post=10245"}],"curies":[{"name":"wp","href":"https:\/\/api.w.org\/{rel}","templated":true}]}}