{"id":10156,"date":"2018-06-04T11:21:12","date_gmt":"2018-06-04T11:21:12","guid":{"rendered":"http:\/\/historiografija.hr\/?p=10156"},"modified":"2018-06-22T18:39:57","modified_gmt":"2018-06-22T18:39:57","slug":"priopcenje-javne-ustanove-spomen-podrucja-jasenovac-povodom-gostovanja-igora-vukica-u-emisiji-dobar-dan-hrvatska-hrvatske-radiotelevizije","status":"publish","type":"post","link":"https:\/\/historiografija.hr\/?p=10156","title":{"rendered":"Priop\u0107enje Javne ustanove Spomen podru\u010dja Jasenovac povodom gostovanja Igora Vuki\u0107a u emisiji \u201eDobar dan, Hrvatska\u201c Hrvatske radiotelevizije"},"content":{"rendered":"<p>Javna ustanova Spomen podru\u010dje Jasenovac ovim putem osu\u0111uje i izra\u017eava zabrinutost zbog izjava i teza koje su u emisiji \u201eDobar dan, Hrvatska\u201c emitiranoj 30. svibnja 2018. godine izrekli gost Igor Vuki\u0107 te voditelji emisije Marina Medved Puli\u0107 i Frano Ridjan. Hrvatska radiotelevizija, odnosno uredni\u0161tvo emisije \u201eDobar dan, Hrvatska\u201c je pozivom u emisiju Vuki\u0107u dala platformu da iznese svoje stavove kojima je negirao zlo\u010dine po\u010dinjene u usta\u0161kom koncentracijskom logoru Jasenovac. Gledatelji su imali priliku \u010duti Vuki\u0107eve teze o \u201eJasenovcu kao radnom logoru tj. zatvoru, koji je bio mjesto gdje su zatvoreni aktivni protivnici dr\u017eave te dio \u017didova koji su bili izuzeti od deportacija u Njema\u010dku\u201c dok je usta\u0161kog poglavnika Antu Paveli\u0107a okarakterizirao kao najzaslu\u017eniju osobu za spa\u0161avanje ljudi iz logora.<\/p>\n<p>&nbsp;<\/p>\n<p>S druge strane, tijekom 15-minutnog gostovanja Vuki\u0107a, gledatelji nisu bili ni jednom u mogu\u0107nosti \u010duti pojmove kao \u0161to su zlo\u010din, rasni zakoni, holokaust ili prisilni rad. Voditelji emisije se u ni jednom trenutku nisu ogradili od stavova gosta, ve\u0107 su konstatirali kako je pravo zadovoljstvo slu\u0161ati s kakvim \u017earom govori gost emisije te su pozvali gledatelje da kupe i pro\u010ditaju knjigu koju je gost u emisiji promovirao. Time su pokazali nedostatak profesionalizma, suosje\u0107anja prema \u017ertvama te op\u0107enito nedostatak znanja o temi o kojoj je bila rije\u010d.<\/p>\n<p>&nbsp;<\/p>\n<p>Ovim putem jo\u0161 jednom podsje\u0107amo da je koncentracijski logor Jasenovac bio najve\u0107i logor na teritoriju Nezavisne Dr\u017eave Hrvatske te je imao vi\u0161e funkcija od kojih posebno treba istaknuti da je bio mjesto masovnih likvidacija Srba, Roma i \u017didova te politi\u010dkih protivnika koji se nisu slagali s politikom i rasnom ideologijom usta\u0161kog pokreta.<\/p>\n<p>&nbsp;<\/p>\n<p>U Republici Hrvatskoj postoji trud institucija i pojedinaca koji rade na obrazovanju mladih o holokaustu i zlo\u010dinima protiv \u010dovje\u010dnosti. No \u010dinjenicu da je osoba koja negira zlo\u010dine dobila prostor u programu javne televizije gdje je predstavljena kao autoritet za prou\u010davanje teme koncentracijskog logora Jasenovac, smatramo iznimno zabrinjavaju\u0107om i problemati\u010dnom. A prvi korak ka rje\u0161avanju nekog problema je priznati da problem postoji.<\/p>\n<p>&nbsp;<\/p>\n<p>&nbsp;<\/p>\n<p>Jasenovac, 1. lipnja 2018.<\/p>\n<p>&nbsp;<\/p>\n<p>&nbsp;<\/p>\n<p>Javna ustanova Spomen podru\u010dje Jasenovac<\/p>\n<p>&nbsp;<\/p>\n<p>&nbsp;<\/p>\n<p>Izvor: <a href=\"http:\/\/www.jusp-jasenovac.hr\/Default.aspx?sid=5027\">http:\/\/www.jusp-jasenovac.hr\/Default.aspx?sid=5027<\/a><\/p>\n<p>&nbsp;<\/p>\n<p>&#8212;<\/p>\n<p>&nbsp;<\/p>\n<p>&nbsp;<\/p>\n<p><strong>Iz medijskih reakcija na gostovanje Igora Vuki\u0107a na HRT-u:<\/strong><\/p>\n<p>&nbsp;<\/p>\n<p>&nbsp;<\/p>\n<p><a href=\"http:\/\/hr.n1info.com\/a306733\/Vijesti\/Programsko-vijece-HRT-a-sazvano-zbog-tvrdnji-Vukica-o-logoru-Jasenovac.html\">http:\/\/hr.n1info.com\/a306733\/Vijesti\/Programsko-vijece-HRT-a-sazvano-zbog-tvrdnji-Vukica-o-logoru-Jasenovac.html<\/a><\/p>\n<p>&nbsp;<\/p>\n<p>&nbsp;<\/p>\n<p><a href=\"http:\/\/vijesti.hrt.hr\/446158\/reagiranje-hrt-a-povodom-emisije-dobar-dan-hrvatska\">http:\/\/vijesti.hrt.hr\/446158\/reagiranje-hrt-a-povodom-emisije-dobar-dan-hrvatska<\/a><\/p>\n<p>&nbsp;<\/p>\n<p>&nbsp;<\/p>\n<p><a href=\"https:\/\/www.jutarnji.hr\/vijesti\/hrvatska\/skandal-na-javnoj-televiziji-hrt-za-gosta-pozvao-covjeka-koji-negira-zlocine-u-jasenovcu-pa-se-dan-kasnije-ogradio-od-njegovih-stajalista\/7422558\/\">https:\/\/www.jutarnji.hr\/vijesti\/hrvatska\/skandal-na-javnoj-televiziji-hrt-za-gosta-pozvao-covjeka-koji-negira-zlocine-u-jasenovcu-pa-se-dan-kasnije-ogradio-od-njegovih-stajalista\/7422558\/<\/a><\/p>\n<p>&nbsp;<\/p>\n<p>&nbsp;<\/p>\n<p><a href=\"https:\/\/net.hr\/danas\/hrvatska\/skandalozan-prilog-na-hrt-u-istrazivac-logora-u-jasenovcu-nizao-revizionisticke-bisere-a-i-voditelji-nisu-zaostajali\/\">SKANDALOZAN PRILOG NA HRT-u: Istra\u017eiva\u010d logora u Jasenovcu nizao revizionisti\u010dke &#8216;bisere&#8217;, a ni voditelji nisu&nbsp;zaostajali<\/a><\/p>\n<p>&nbsp;<\/p>\n<p>&nbsp;<\/p>\n<p><a href=\"https:\/\/www.vecernji.hr\/vijesti\/jusp-jasenovac-osudio-vukica-i-hrt-zbog-negiranja-zlocina-u-jasenovcu-1249239\">https:\/\/www.vecernji.hr\/vijesti\/jusp-jasenovac-osudio-vukica-i-hrt-zbog-negiranja-zlocina-u-jasenovcu-1249239<\/a><\/p>\n<p>&nbsp;<\/p>\n<p>&nbsp;<\/p>\n<p><a href=\"https:\/\/www.index.hr\/tag\/1001483\/igor-vukic.aspx\">https:\/\/www.index.hr\/tag\/1001483\/igor-vukic.aspx<\/a><\/p>\n<p>&nbsp;<\/p>\n<p>&nbsp;<\/p>\n<p><a href=\"https:\/\/www.express.hr\/top-news\/kad-gledas-hrt-jasenovac-je-bio-malo-strozi-opg-na-savi-16022\">https:\/\/www.express.hr\/top-news\/kad-gledas-hrt-jasenovac-je-bio-malo-strozi-opg-na-savi-16022<\/a><\/p>\n<p>&nbsp;<\/p>\n<p>&nbsp;<\/p>\n<p><a href=\"http:\/\/balkans.aljazeera.net\/vijesti\/revizija-historije-za-ljubitelje-ndh-jasenovac-je-samo-radni-logor\">http:\/\/balkans.aljazeera.net\/vijesti\/revizija-historije-za-ljubitelje-ndh-jasenovac-je-samo-radni-logor<\/a><\/p>\n<p>&nbsp;<\/p>\n<p>&nbsp;<\/p>\n<blockquote class=\"wp-embedded-content\" data-secret=\"pMtgHX29JI\"><p><a href=\"https:\/\/mediadaily.biz\/2018\/06\/02\/klasic-o-odbijanju-gostovanja-na-hrt-u-htjeli-su-me-iskoristiti-kao-protutezu-lazi-o-jasenovcu\/\">Klasi\u0107 o odbijanju gostovanja na HRT-u: htjeli su me iskoristiti kao protute\u017eu la\u017ei o Jasenovcu<\/a><\/p><\/blockquote>\n<p><iframe loading=\"lazy\" class=\"wp-embedded-content\" sandbox=\"allow-scripts\" security=\"restricted\" style=\"position: absolute; clip: rect(1px, 1px, 1px, 1px);\" src=\"https:\/\/mediadaily.biz\/2018\/06\/02\/klasic-o-odbijanju-gostovanja-na-hrt-u-htjeli-su-me-iskoristiti-kao-protutezu-lazi-o-jasenovcu\/embed\/#?secret=pMtgHX29JI\" data-secret=\"pMtgHX29JI\" width=\"600\" height=\"338\" title=\"&#8220;Klasi\u0107 o odbijanju gostovanja na HRT-u: htjeli su me iskoristiti kao protute\u017eu la\u017ei o Jasenovcu&#8221; &#8212; Media Daily\" frameborder=\"0\" marginwidth=\"0\" marginheight=\"0\" scrolling=\"no\"><\/iframe><\/p>\n<p>&nbsp;<\/p>\n<p><a href=\"http:\/\/www.h-alter.org\/vijesti\/antifasisticka-liga-porazno-je-sto-hrt-promovira-neistine-i-falsifikate\">http:\/\/www.h-alter.org\/vijesti\/antifasisticka-liga-porazno-je-sto-hrt-promovira-neistine-i-falsifikate<\/a><\/p>\n<p>&nbsp;<\/p>\n<p>&nbsp;<\/p>\n<p><a href=\"https:\/\/www.vecernji.hr\/premium\/da-slobodi-istrazivanja-ne-izvrtanju-cinjenica-1249615\">https:\/\/www.vecernji.hr\/premium\/da-slobodi-istrazivanja-ne-izvrtanju-cinjenica-1249615<\/a><\/p>\n<p>&nbsp;<\/p>\n<p>&nbsp;<\/p>\n<p><a href=\"http:\/\/www.maz.hr\/2018\/06\/06\/hrvatska-revizionisticka-televizija\/\">http:\/\/www.maz.hr\/2018\/06\/06\/hrvatska-revizionisticka-televizija\/<\/a><\/p>\n<p><span style=\"color: #000000; font-family: Calibri; font-size: medium;\">\u00a0<\/span><\/p>\n<p>&nbsp;<\/p>\n<p><a href=\"http:\/\/faktograf.hr\/2018\/06\/06\/vukicu-alibi-pruza-tomo-medved-ali-ne-i-muzej-holokausta-u-washingtonu\/\">http:\/\/faktograf.hr\/2018\/06\/06\/vukicu-alibi-pruza-tomo-medved-ali-ne-i-muzej-holokausta-u-washingtonu\/<\/a><\/p>\n<p><span style=\"color: #000000; font-family: Calibri; font-size: medium;\">\u00a0<\/span><\/p>\n<p>&nbsp;<\/p>\n<p><a href=\"http:\/\/www.balkaninsight.com\/en\/article\/how-to-combat-croatian-revisionists-culture-of-lies-06-05-2018\">http:\/\/www.balkaninsight.com\/en\/article\/how-to-combat-croatian-revisionists-culture-of-lies-06-05-2018<\/a><\/p>\n<p>&nbsp;<\/p>\n<p>&nbsp;<\/p>\n<p><a href=\"https:\/\/www.jutarnji.hr\/globus\/Globus-komentari\/potrebno-je-zacepiti-nos-da-bi-se-ugazilo-u-kloaku-vukiceve-konstrukcije-da-je-jasenovac-mjesto-na-kojem-su-zrtve-same-izazvale-svoje-stradanje\/7468782\/\">https:\/\/www.jutarnji.hr\/globus\/Globus-komentari\/potrebno-je-zacepiti-nos-da-bi-se-ugazilo-u-kloaku-vukiceve-konstrukcije-da-je-jasenovac-mjesto-na-kojem-su-zrtve-same-izazvale-svoje-stradanje\/7468782\/<\/a><\/p>\n<p><span style=\"color: #000000; font-family: Calibri; font-size: medium;\">\u00a0<\/span><\/p>\n<p><span style=\"color: #000000; font-family: Calibri; font-size: medium;\">\u00a0<\/span><\/p>\n<p><a href=\"https:\/\/www.jutarnji.hr\/globus\/Globus-komentari\/koliko-nisko-moze-pasti-hrt-nize-nego-sto-mislite-skandalozno-pozivanje-covjeka-koji-negira-zlocinacki-karakter-jasenovca\/7500075\/\">https:\/\/www.jutarnji.hr\/globus\/Globus-komentari\/koliko-nisko-moze-pasti-hrt-nize-nego-sto-mislite-skandalozno-pozivanje-covjeka-koji-negira-zlocinacki-karakter-jasenovca\/7500075\/<\/a><\/p>\n<p>&nbsp;<\/p>\n","protected":false},"excerpt":{"rendered":"","protected":false},"author":2,"featured_media":10157,"comment_status":"open","ping_status":"open","sticky":false,"template":"","format":"standard","meta":{"_acf_changed":false,"jetpack_post_was_ever_published":false,"_jetpack_newsletter_access":"","_jetpack_dont_email_post_to_subs":false,"_jetpack_newsletter_tier_id":0,"_jetpack_memberships_contains_paywalled_content":false,"_jetpack_memberships_contains_paid_content":false,"footnotes":"","jetpack_publicize_message":"","jetpack_publicize_feature_enabled":true,"jetpack_social_post_already_shared":true,"jetpack_social_options":{"image_generator_settings":{"template":"highway","default_image_id":0,"font":"","enabled":false},"version":2}},"categories":[3,17],"tags":[],"class_list":["post-10156","post","type-post","status-publish","format-standard","has-post-thumbnail","hentry","category-novosti","category-rasprave"],"acf":{"facebook_opis":""},"jetpack_publicize_connections":[],"jetpack_featured_media_url":"https:\/\/i0.wp.com\/historiografija.hr\/wp-content\/uploads\/2018\/06\/spomenik.jpg?fit=590%2C446&ssl=1","jetpack_sharing_enabled":true,"jetpack-related-posts":[{"id":52552,"url":"https:\/\/historiografija.hr\/?p=52552","url_meta":{"origin":10156,"position":0},"title":"Besplatni glazbeni antikvarijat","author":"Branimir Jankovi\u0107","date":"20. travnja 2026.","format":false,"excerpt":"Muzi\u010dka akademija Sveu\u010dili\u0161ta u Zagrebu 23. travnja 2026. od 10 do 17 sati Pozivamo Vas na Besplatni glazbeni antikvarijat, koji u sklopu manifestacije No\u0107 knjige 2026. organizira Hrvatska udruga muzi\u010dkih knji\u017enica, arhiva i dokumentacijskih centara (HUMKAD). Antikvarijat \u0107e se odr\u017eati na Svjetski dan knjige \u2013 u \u010detvrtak 23. travnja 2026.\u2026","rel":"","context":"U &quot;Novosti&quot;","block_context":{"text":"Novosti","link":"https:\/\/historiografija.hr\/?cat=3"},"img":{"alt_text":"","src":"https:\/\/i0.wp.com\/historiografija.hr\/wp-content\/uploads\/2026\/04\/Besplatni-glazbeni-antikvarijat-23.-4.-2026.jpg?fit=1200%2C848&ssl=1&resize=350%2C200","width":350,"height":200,"srcset":"https:\/\/i0.wp.com\/historiografija.hr\/wp-content\/uploads\/2026\/04\/Besplatni-glazbeni-antikvarijat-23.-4.-2026.jpg?fit=1200%2C848&ssl=1&resize=350%2C200 1x, https:\/\/i0.wp.com\/historiografija.hr\/wp-content\/uploads\/2026\/04\/Besplatni-glazbeni-antikvarijat-23.-4.-2026.jpg?fit=1200%2C848&ssl=1&resize=525%2C300 1.5x, https:\/\/i0.wp.com\/historiografija.hr\/wp-content\/uploads\/2026\/04\/Besplatni-glazbeni-antikvarijat-23.-4.-2026.jpg?fit=1200%2C848&ssl=1&resize=700%2C400 2x, https:\/\/i0.wp.com\/historiografija.hr\/wp-content\/uploads\/2026\/04\/Besplatni-glazbeni-antikvarijat-23.-4.-2026.jpg?fit=1200%2C848&ssl=1&resize=1050%2C600 3x"},"classes":[]},{"id":52592,"url":"https:\/\/historiografija.hr\/?p=52592","url_meta":{"origin":10156,"position":1},"title":"Predstavljanje knjige &#8220;Turska ku\u0107a u Rijeci&#8221; u Zagrebu","author":"Branimir Jankovi\u0107","date":"22. travnja 2026.","format":false,"excerpt":"U prostorijama Turskog kulturnog centra Yunus Emre u Zagrebu, u utorak 21. travnja 2026. godine, odr\u017eano je sve\u010dano predstavljanje dopunjenog izdanja knjige Turska ku\u0107a u Rijeci, u organizaciji Hrvatsko-turskog dru\u0161tva Rijeka i partnerstvu sa Skupinom prijateljstva Hrvatska-Turska Hrvatskog sabora, Veleposlanstvom Republike Turske u Republici Hrvatskoj te Turskim kulturnim centrom Yunus\u2026","rel":"","context":"U &quot;Novosti&quot;","block_context":{"text":"Novosti","link":"https:\/\/historiografija.hr\/?cat=3"},"img":{"alt_text":"","src":"https:\/\/i0.wp.com\/historiografija.hr\/wp-content\/uploads\/2026\/04\/Turska-kuca-ZG.jpg?fit=1200%2C800&ssl=1&resize=350%2C200","width":350,"height":200,"srcset":"https:\/\/i0.wp.com\/historiografija.hr\/wp-content\/uploads\/2026\/04\/Turska-kuca-ZG.jpg?fit=1200%2C800&ssl=1&resize=350%2C200 1x, https:\/\/i0.wp.com\/historiografija.hr\/wp-content\/uploads\/2026\/04\/Turska-kuca-ZG.jpg?fit=1200%2C800&ssl=1&resize=525%2C300 1.5x, https:\/\/i0.wp.com\/historiografija.hr\/wp-content\/uploads\/2026\/04\/Turska-kuca-ZG.jpg?fit=1200%2C800&ssl=1&resize=700%2C400 2x, https:\/\/i0.wp.com\/historiografija.hr\/wp-content\/uploads\/2026\/04\/Turska-kuca-ZG.jpg?fit=1200%2C800&ssl=1&resize=1050%2C600 3x"},"classes":[]},{"id":52589,"url":"https:\/\/historiografija.hr\/?p=52589","url_meta":{"origin":10156,"position":2},"title":"Predstavljena knjiga Miomira \u017du\u017eula &#8220;Dayton: Diplomacija &#8211; druga strana rata&#8221;","author":"Branimir Jankovi\u0107","date":"22. travnja 2026.","format":false,"excerpt":"Knjiga Miomira \u017du\u017eula \u201eDayton: Diplomacija \u2013 druga strana rata\u201d predstavljena je u srijedu, 22. travnja 2026. godine u foajeu Hrvatskoga narodnog kazali\u0161ta u Zagrebu. Op\u0161irnije: https:\/\/vijesti.hrt.hr\/hrvatska\/predstavljena-knjiga-miomira-zuzula-dayton-diplomacija-druga-strana-rata-12683259 https:\/\/www.vecernji.ba\/amp\/vijesti\/zuzulova-knjiga-o-daytonu-predstavljena-u-zagrebu-diplomacija-kao-druga-strana-rata-1953700 https:\/\/www.tportal.hr\/vijesti\/clanak\/bivsi-sanaderov-ministar-odrzao-promociju-evo-tko-je-sve-dosao-na-predstavljanje-knjige-miomira-zuzula-foto-20260422 https:\/\/direktno.hr\/zivot\/kultura\/zuzul-otkrio-sve-o-drugoj-strani-rata-za-hrvatsku-se-nije-libio-povuci-nekoga-i-za-kosu-395042 https:\/\/www.24sata.hr\/news\/miomir-zuzul-predstavio-je-knjigu-o-daytonu-diplomacija-je-bila-druga-strana-rata-1123152 https:\/\/www.vecernji.hr\/kultura\/kolinda-grabar-kitarovic-otvoreno-miomir-zuzul-nije-vukao-samo-za-rukav-nego-i-za-kosu-1953722 https:\/\/www.vecernji.hr\/kultura\/i-papa-lav-xiv-eksplicitno-je-daytonski-sporazum-istaknuo-kao-primjer-uspjesna-rjesavanja-sukoba-1952215","rel":"","context":"U &quot;Novosti&quot;","block_context":{"text":"Novosti","link":"https:\/\/historiografija.hr\/?cat=3"},"img":{"alt_text":"","src":"https:\/\/i0.wp.com\/historiografija.hr\/wp-content\/uploads\/2026\/04\/Dayton.jpg?fit=1024%2C683&ssl=1&resize=350%2C200","width":350,"height":200,"srcset":"https:\/\/i0.wp.com\/historiografija.hr\/wp-content\/uploads\/2026\/04\/Dayton.jpg?fit=1024%2C683&ssl=1&resize=350%2C200 1x, https:\/\/i0.wp.com\/historiografija.hr\/wp-content\/uploads\/2026\/04\/Dayton.jpg?fit=1024%2C683&ssl=1&resize=525%2C300 1.5x, https:\/\/i0.wp.com\/historiografija.hr\/wp-content\/uploads\/2026\/04\/Dayton.jpg?fit=1024%2C683&ssl=1&resize=700%2C400 2x"},"classes":[]},{"id":52631,"url":"https:\/\/historiografija.hr\/?p=52631","url_meta":{"origin":10156,"position":3},"title":"Predavanje Ivana Tepe\u0161a: Djelovanje hrvatske politi\u010dke emigracije","author":"Branimir Jankovi\u0107","date":"23. travnja 2026.","format":false,"excerpt":"Odjel za me\u0111unarodnu suradnju i iseljeni\u0161tvo Matice hrvatske Predavanje Ivana Tepe\u0161a: Djelovanje hrvatske politi\u010dke emigracije Utorak, 28. travnja 2026. u 18:00 sati, Dvorana Ljudevita Jonkea (Mala dvorana MH), Strossmayerov trg 4, Zagreb dr. sc. Ivan Tepe\u0161, Institut za istra\u017eivanje migracija Hrvatska politi\u010dka emigracija obilje\u017eila je polustoljetnu hrvatsku povijest u drugoj\u2026","rel":"","context":"U &quot;Novosti&quot;","block_context":{"text":"Novosti","link":"https:\/\/historiografija.hr\/?cat=3"},"img":{"alt_text":"","src":"","width":0,"height":0},"classes":[]},{"id":52628,"url":"https:\/\/historiografija.hr\/?p=52628","url_meta":{"origin":10156,"position":4},"title":"Predavanje dopisnog \u010dlana HAZU Alaina Finkielkrauta Izrael, Europa, antisemitizam","author":"Branimir Jankovi\u0107","date":"23. travnja 2026.","format":false,"excerpt":"Francuski filozof Alain Finkielkraut, redoviti \u010dlan Francuske akademije i dopisni \u010dlan HAZU, odr\u017eat \u0107e predavanje\u00a0Izrael, Europa, antisemitizam u utorak 28. travnja 2026. u 13 sati u Knji\u017enici HAZU,\u00a0Strossmayerov trg 14 u Zagrebu. Uvodne rije\u010di odr\u017eat \u0107e\u00a0akademkinja \u017deljka \u010corak i\u00a0akademik Dra\u017een Katunari\u0107. Predavanje \u0107e se odr\u017eati na francuskom jeziku uz konsekutivno\u2026","rel":"","context":"U &quot;Novosti&quot;","block_context":{"text":"Novosti","link":"https:\/\/historiografija.hr\/?cat=3"},"img":{"alt_text":"","src":"https:\/\/i0.wp.com\/historiografija.hr\/wp-content\/uploads\/2026\/04\/Alain_Finkielkraut.jpg?fit=350%2C407&ssl=1&resize=350%2C200","width":350,"height":200},"classes":[]},{"id":52559,"url":"https:\/\/historiografija.hr\/?p=52559","url_meta":{"origin":10156,"position":5},"title":"Dobitnici dr\u017eavne nagrade za znanost za 2024. godinu","author":"Branimir Jankovi\u0107","date":"20. travnja 2026.","format":false,"excerpt":"Na sjednici Odbora za podjelu dr\u017eavnih nagrada za znanost odr\u017eanoj 16. travnja 2026. godine donesena je Odluka o dodjeli dr\u017eavnih nagrada za znanost za 2024. godinu. Godi\u0161njom nagradom za popularizaciju i promid\u017ebu znanosti nagra\u0111eni su u podru\u010dju humanisti\u010dkih znanosti znanstveni suradnici dr. sc. Josip Mihaljevi\u0107 i dr. sc. Gordan Ravan\u010di\u0107,\u2026","rel":"","context":"U &quot;Novosti&quot;","block_context":{"text":"Novosti","link":"https:\/\/historiografija.hr\/?cat=3"},"img":{"alt_text":"","src":"https:\/\/i0.wp.com\/historiografija.hr\/wp-content\/uploads\/2021\/12\/povijesne-kontroverze.jpg?fit=1200%2C675&ssl=1&resize=350%2C200","width":350,"height":200,"srcset":"https:\/\/i0.wp.com\/historiografija.hr\/wp-content\/uploads\/2021\/12\/povijesne-kontroverze.jpg?fit=1200%2C675&ssl=1&resize=350%2C200 1x, https:\/\/i0.wp.com\/historiografija.hr\/wp-content\/uploads\/2021\/12\/povijesne-kontroverze.jpg?fit=1200%2C675&ssl=1&resize=525%2C300 1.5x, https:\/\/i0.wp.com\/historiografija.hr\/wp-content\/uploads\/2021\/12\/povijesne-kontroverze.jpg?fit=1200%2C675&ssl=1&resize=700%2C400 2x, https:\/\/i0.wp.com\/historiografija.hr\/wp-content\/uploads\/2021\/12\/povijesne-kontroverze.jpg?fit=1200%2C675&ssl=1&resize=1050%2C600 3x"},"classes":[]}],"_links":{"self":[{"href":"https:\/\/historiografija.hr\/index.php?rest_route=\/wp\/v2\/posts\/10156","targetHints":{"allow":["GET"]}}],"collection":[{"href":"https:\/\/historiografija.hr\/index.php?rest_route=\/wp\/v2\/posts"}],"about":[{"href":"https:\/\/historiografija.hr\/index.php?rest_route=\/wp\/v2\/types\/post"}],"author":[{"embeddable":true,"href":"https:\/\/historiografija.hr\/index.php?rest_route=\/wp\/v2\/users\/2"}],"replies":[{"embeddable":true,"href":"https:\/\/historiografija.hr\/index.php?rest_route=%2Fwp%2Fv2%2Fcomments&post=10156"}],"version-history":[{"count":6,"href":"https:\/\/historiografija.hr\/index.php?rest_route=\/wp\/v2\/posts\/10156\/revisions"}],"predecessor-version":[{"id":10468,"href":"https:\/\/historiografija.hr\/index.php?rest_route=\/wp\/v2\/posts\/10156\/revisions\/10468"}],"wp:featuredmedia":[{"embeddable":true,"href":"https:\/\/historiografija.hr\/index.php?rest_route=\/wp\/v2\/media\/10157"}],"wp:attachment":[{"href":"https:\/\/historiografija.hr\/index.php?rest_route=%2Fwp%2Fv2%2Fmedia&parent=10156"}],"wp:term":[{"taxonomy":"category","embeddable":true,"href":"https:\/\/historiografija.hr\/index.php?rest_route=%2Fwp%2Fv2%2Fcategories&post=10156"},{"taxonomy":"post_tag","embeddable":true,"href":"https:\/\/historiografija.hr\/index.php?rest_route=%2Fwp%2Fv2%2Ftags&post=10156"}],"curies":[{"name":"wp","href":"https:\/\/api.w.org\/{rel}","templated":true}]}}