{"id":10106,"date":"2018-05-30T16:44:19","date_gmt":"2018-05-30T16:44:19","guid":{"rendered":"http:\/\/historiografija.hr\/?p=10106"},"modified":"2018-06-14T11:45:41","modified_gmt":"2018-06-14T11:45:41","slug":"predstavljena-knjiga-igora-vukica-radni-logor-jasenovac-u-zagrebu","status":"publish","type":"post","link":"https:\/\/historiografija.hr\/?p=10106","title":{"rendered":"Predstavljena knjiga Igora Vuki\u0107a \u201eRadni logor Jasenovac\u201c u Zagrebu"},"content":{"rendered":"<p>U petak, 25. svibnja 2018. u Novinarskom domu u Zagrebu predstavljena je knjiga Igora Vuki\u0107a \u2013 na koju smo ve\u0107 upozorili jer za autora Jasenovac nije logor smrti nego radni logor \u2013 koji je tim povodom gostovao i na Hrvatskoj radioteleviziji, koja je time njegovim tvrdnjama dala punopravni javni legitimitet!<\/p>\n<p>&nbsp;<\/p>\n<p>&#8212;<\/p>\n<p>&nbsp;<\/p>\n<p><strong>Vuki\u0107ev RADNI LOGOR JASENOVAC u Novinarskom domu<\/strong><\/p>\n<p>&nbsp;<\/p>\n<p>Najnovija knjiga Naklade Pavi\u010di\u0107,<\/p>\n<p>RADNI LOGOR JASENOVAC Igora Vuki\u0107a,<\/p>\n<p>prvi se put javnosti predstavlja u<\/p>\n<p>petak, 25. svibnja 2018., s po\u010detkom u 12.00 h,<\/p>\n<p>u Novinarskom domu u Perkov\u010devoj 2 u Zagrebu.<\/p>\n<p>Knjigu \u0107e predstaviti sam autor Igor Vuki\u0107, s kojim \u0107e razgovarati glavni urednik NP Josip Pavi\u010di\u0107. Ulaz je slobodan, a posjetitelje o\u010dekuje prigodan popust na predstavljenu knjigu.<\/p>\n<p>&nbsp;<\/p>\n<p>Izvor: <a href=\"http:\/\/www.naklada-pavicic.hr\/dogadanja\/vukicev-radni-logor-jasenovac-novinarskom-domu\/\">http:\/\/www.naklada-pavicic.hr\/dogadanja\/vukicev-radni-logor-jasenovac-novinarskom-domu\/<\/a><\/p>\n<p>&nbsp;<\/p>\n<p>&#8212;<\/p>\n<p>&nbsp;<\/p>\n<p><strong>Predstavljena knjiga \u201eRadni logor Jasenovac\u201c Igora Vuki\u0107a<\/strong><\/p>\n<p>&nbsp;<\/p>\n<p>Dokument o strijeljanju desetorice usta\u0161a zato \u0161to su plja\u010dkali jasenova\u010dke zato\u010denike ili dopisna karta logora\u0161a koji tra\u017ei svoju djevojku da mu u logor po\u0161alje gitaru s rezervnim \u017eicama, neki su od malo poznatih dokumenata objavljenih u novoj knjizi Igora Vuki\u0107a \u201eRadni logor Jasenovac\u201c. Iza\u0161la je u Nakladi Pavi\u010di\u0107, a prvo predstavljanje imala je 25. svibnja u Novinarskom domu u Zagrebu.<\/p>\n<p>U knjizi od 340 stranica prvi je put objavljena i fotografija nogometne utakmice koju igraju logora\u0161i 1944. u Staroj Gradi\u0161ki. Prema izjavama biv\u0161ih zato\u010denika takve utakmice redovito su se nedjeljom igrale i u jasenova\u010dkom logoru.<\/p>\n<p>Opisom svakodnevnih doga\u0111aja u logoru, utemeljenima na izvornim arhivskim dokumentima, izjavama biv\u0161ih zato\u010denika i drugim izvorima (navedenima u \u010dak 514 bilje\u017eaka), knjiga se sna\u017eno suprotstavlja slu\u017ebenoj verziji da je u logoru ubijeno 83.000 zato\u010denika. Primjerice, na popisu koji vodi muzej u Jasenovcu stoji da je u logoru ubijeno 20.000 djece, a dokumenti i izjave logora\u0161a pokazuju da u logoru nikad nije ni bilo djece u tolikom broju: ondje je jedino postojala obrtni\u010dka \u0161kola koju je poha\u0111alo stotinjak dje\u010daka, kojima su znanje prenosili zato\u010denici-majstori. Izjave jednog od tih dje\u010daka, koji je jo\u0161 uvijek \u017eiv, navedene su u knjizi.<\/p>\n<p>Navodima o masovnim ubojstvima, suprotstavljaju se i popisi zatvorenika koji su u povodu blagdana pu\u0161tani ku\u0107ama prije isteka kazne. Autor opisuje na\u010din dolaska u logor, zatim smrtne slu\u010dajeve (zbog odmazdi za bjegove ili disciplinske prekr\u0161aje, zbog organiziranja pobune, u ponekim slu\u010dajevima po presudama i zapovjedima donesenim izvan logora, u zra\u010dnom bombardiranju logora, od bolesti, itd.) te na\u010dine izlaska iz logora (nakon isteka roka kazne, razmjenom, odlaskom na rad u Njema\u010dku, bijegom\u2026).<\/p>\n<p>Vuki\u0107 obja\u0161njava da osim \u017didova i Roma drugi zato\u010denici nisu internirani u logor samo zbog svoje nacionalne ili vjerske pripadnosti. Pa tako tvrdi da nitko u logor nije doveden, a kamoli ubijen samo zato \u0161to bi bio Srbin ili pravoslavac: uvijek je i kod njih (kao i kod Hrvata) razlog internacije bilo neko proutudr\u017eavno djelovanje, s \u010detni\u010dkih ili, mnogo \u010de\u0161\u0107e, s partizanskih pozicija. Stanovnici sela koja su potpomagala partizane \u010desto su zbog toga bili internirani u logor, a potom bi naj\u010de\u0161\u0107e bili upu\u0107ivani na rad u Njema\u010dku.<\/p>\n<p>Predstavljanje knjige, kojem je nazo\u010dilo vi\u0161e od 130 posjetitelja, organizirano je u obliku javnog intervjua koji je s autorom vodio izdava\u010d Josip Pavi\u010di\u0107. <strong>Snimku mo\u017eete pogledati ovdje:<\/strong><\/p>\n<p>&nbsp;<\/p>\n<p><a href=\"http:\/\/projektvelebit.com\/predstavljena-knjiga-radni-logor-jasenovac-igora-vukica\/\">http:\/\/projektvelebit.com\/predstavljena-knjiga-radni-logor-jasenovac-igora-vukica\/<\/a><\/p>\n<p>&nbsp;<\/p>\n<p>&#8212;<\/p>\n<p>&nbsp;<\/p>\n<p><strong>Predstavljena knjiga Igora Vuki\u0107a \u201eRadni logor Jasenovac\u201c u prepunoj dvorani Novinarskog doma u Zagrebu<\/strong><\/p>\n<p>&nbsp;<\/p>\n<p><a href=\"http:\/\/nacija.hr\/2018\/05\/26\/predstavljena-knjiga-igora-vukica-radni-logor-jasenovac-u-prepunoj-dvorani-novinarskog-doma-u-zagrebu\/\">http:\/\/nacija.hr\/2018\/05\/26\/predstavljena-knjiga-igora-vukica-radni-logor-jasenovac-u-prepunoj-dvorani-novinarskog-doma-u-zagrebu\/<\/a><\/p>\n<p>&nbsp;<\/p>\n<p>&#8212;<\/p>\n<p>&nbsp;<\/p>\n<p><strong>Radni logor Jasenovac &#8211; knjiga Igora Vuki\u0107a, novinara i istra\u017eitelja<\/strong><\/p>\n<p>&nbsp;<\/p>\n<p>Autor: K.V.K.\/HRT<\/p>\n<p>30. 05. 2018.<\/p>\n<p>&nbsp;<\/p>\n<p>Nemate pravo zaboraviti va\u0161u povijest. Ne zbog osvete, nego zbog mira, jedna je od poruka pape Franje za njegova boravka u susjednoj BiH 2015. godine upu\u0107ena i hrvatskome narodu. Povijesne prijepore valja razjasniti, \u010dinjenice utvrditi.<\/p>\n<p>&nbsp;<\/p>\n<p>Pro\u0161log je petka u Hrvatskom Novinarskom domu predstavljena nova knjiga novinara i istra\u017eitelja Igora Vuki\u0107a, &#8220;Radni logor Jasenovac, u kojoj je na temelju znanstvenog istra\u017eivanja, arhivske gra\u0111e i dokumenata obradio razdoblje od 1941. do 1945. godine.<\/p>\n<p>&nbsp;<\/p>\n<p>Na pitanje za\u0161to se odlu\u010dio za istra\u017eivanje ove teme Vuki\u0107 je, me\u0111u ostalim, spomenuo \u010dlanove svoje obitelji, pripadnike srpskog naroda, koji su svjedo\u010dili doga\u0111ajima u Jasenovcu.<\/p>\n<p>&nbsp;<\/p>\n<p>Govorio je o mnogim la\u017eima koje se desetlje\u0107ima govori o Jasenovcu. Najgnjusnija la\u017e, istaknuo je Vuki\u0107, je ona o navodno 20 tisu\u0107a ubijene djece. U emisiji je iznio nekoliko zanimljivih podataka i rezultata svoga istra\u017eivanja, te izrazio \u017eelju da se na svim razinama nastavi istra\u017eivati istina o Jasenovcu.<\/p>\n<p>&nbsp;<\/p>\n<p>Izvor: <a href=\"http:\/\/vijesti.hrt.hr\/446046\/radni-logor-jasenovac-knjiga-igora-vukica-novinara-i-istrazitelja\">http:\/\/vijesti.hrt.hr\/446046\/radni-logor-jasenovac-knjiga-igora-vukica-novinara-i-istrazitelja<\/a><\/p>\n<p>&nbsp;<\/p>\n","protected":false},"excerpt":{"rendered":"","protected":false},"author":2,"featured_media":10107,"comment_status":"open","ping_status":"open","sticky":false,"template":"","format":"standard","meta":{"_acf_changed":false,"jetpack_post_was_ever_published":false,"_jetpack_newsletter_access":"","_jetpack_dont_email_post_to_subs":false,"_jetpack_newsletter_tier_id":0,"_jetpack_memberships_contains_paywalled_content":false,"_jetpack_memberships_contains_paid_content":false,"footnotes":"","jetpack_publicize_message":"","jetpack_publicize_feature_enabled":true,"jetpack_social_post_already_shared":true,"jetpack_social_options":{"image_generator_settings":{"template":"highway","default_image_id":0,"font":"","enabled":false},"version":2}},"categories":[3,17],"tags":[],"class_list":["post-10106","post","type-post","status-publish","format-standard","has-post-thumbnail","hentry","category-novosti","category-rasprave"],"acf":{"facebook_opis":""},"jetpack_publicize_connections":[],"jetpack_featured_media_url":"https:\/\/i0.wp.com\/historiografija.hr\/wp-content\/uploads\/2018\/05\/hrt-gostovanje.jpg?fit=688%2C388&ssl=1","jetpack_sharing_enabled":true,"jetpack-related-posts":[{"id":52589,"url":"https:\/\/historiografija.hr\/?p=52589","url_meta":{"origin":10106,"position":0},"title":"Predstavljena knjiga Miomira \u017du\u017eula &#8220;Dayton: Diplomacija &#8211; druga strana rata&#8221;","author":"Branimir Jankovi\u0107","date":"22. travnja 2026.","format":false,"excerpt":"Knjiga Miomira \u017du\u017eula \u201eDayton: Diplomacija \u2013 druga strana rata\u201d predstavljena je u srijedu, 22. travnja 2026. godine u foajeu Hrvatskoga narodnog kazali\u0161ta u Zagrebu. Op\u0161irnije: https:\/\/vijesti.hrt.hr\/hrvatska\/predstavljena-knjiga-miomira-zuzula-dayton-diplomacija-druga-strana-rata-12683259 https:\/\/www.vecernji.ba\/amp\/vijesti\/zuzulova-knjiga-o-daytonu-predstavljena-u-zagrebu-diplomacija-kao-druga-strana-rata-1953700 https:\/\/www.tportal.hr\/vijesti\/clanak\/bivsi-sanaderov-ministar-odrzao-promociju-evo-tko-je-sve-dosao-na-predstavljanje-knjige-miomira-zuzula-foto-20260422 https:\/\/direktno.hr\/zivot\/kultura\/zuzul-otkrio-sve-o-drugoj-strani-rata-za-hrvatsku-se-nije-libio-povuci-nekoga-i-za-kosu-395042 https:\/\/www.24sata.hr\/news\/miomir-zuzul-predstavio-je-knjigu-o-daytonu-diplomacija-je-bila-druga-strana-rata-1123152 https:\/\/www.vecernji.hr\/kultura\/kolinda-grabar-kitarovic-otvoreno-miomir-zuzul-nije-vukao-samo-za-rukav-nego-i-za-kosu-1953722 https:\/\/www.vecernji.hr\/kultura\/i-papa-lav-xiv-eksplicitno-je-daytonski-sporazum-istaknuo-kao-primjer-uspjesna-rjesavanja-sukoba-1952215","rel":"","context":"U &quot;Novosti&quot;","block_context":{"text":"Novosti","link":"https:\/\/historiografija.hr\/?cat=3"},"img":{"alt_text":"","src":"https:\/\/i0.wp.com\/historiografija.hr\/wp-content\/uploads\/2026\/04\/Dayton.jpg?fit=1024%2C683&ssl=1&resize=350%2C200","width":350,"height":200,"srcset":"https:\/\/i0.wp.com\/historiografija.hr\/wp-content\/uploads\/2026\/04\/Dayton.jpg?fit=1024%2C683&ssl=1&resize=350%2C200 1x, https:\/\/i0.wp.com\/historiografija.hr\/wp-content\/uploads\/2026\/04\/Dayton.jpg?fit=1024%2C683&ssl=1&resize=525%2C300 1.5x, https:\/\/i0.wp.com\/historiografija.hr\/wp-content\/uploads\/2026\/04\/Dayton.jpg?fit=1024%2C683&ssl=1&resize=700%2C400 2x"},"classes":[]},{"id":52552,"url":"https:\/\/historiografija.hr\/?p=52552","url_meta":{"origin":10106,"position":1},"title":"Besplatni glazbeni antikvarijat","author":"Branimir Jankovi\u0107","date":"20. travnja 2026.","format":false,"excerpt":"Muzi\u010dka akademija Sveu\u010dili\u0161ta u Zagrebu 23. travnja 2026. od 10 do 17 sati Pozivamo Vas na Besplatni glazbeni antikvarijat, koji u sklopu manifestacije No\u0107 knjige 2026. organizira Hrvatska udruga muzi\u010dkih knji\u017enica, arhiva i dokumentacijskih centara (HUMKAD). Antikvarijat \u0107e se odr\u017eati na Svjetski dan knjige \u2013 u \u010detvrtak 23. travnja 2026.\u2026","rel":"","context":"U &quot;Novosti&quot;","block_context":{"text":"Novosti","link":"https:\/\/historiografija.hr\/?cat=3"},"img":{"alt_text":"","src":"https:\/\/i0.wp.com\/historiografija.hr\/wp-content\/uploads\/2026\/04\/Besplatni-glazbeni-antikvarijat-23.-4.-2026.jpg?fit=1200%2C848&ssl=1&resize=350%2C200","width":350,"height":200,"srcset":"https:\/\/i0.wp.com\/historiografija.hr\/wp-content\/uploads\/2026\/04\/Besplatni-glazbeni-antikvarijat-23.-4.-2026.jpg?fit=1200%2C848&ssl=1&resize=350%2C200 1x, https:\/\/i0.wp.com\/historiografija.hr\/wp-content\/uploads\/2026\/04\/Besplatni-glazbeni-antikvarijat-23.-4.-2026.jpg?fit=1200%2C848&ssl=1&resize=525%2C300 1.5x, https:\/\/i0.wp.com\/historiografija.hr\/wp-content\/uploads\/2026\/04\/Besplatni-glazbeni-antikvarijat-23.-4.-2026.jpg?fit=1200%2C848&ssl=1&resize=700%2C400 2x, https:\/\/i0.wp.com\/historiografija.hr\/wp-content\/uploads\/2026\/04\/Besplatni-glazbeni-antikvarijat-23.-4.-2026.jpg?fit=1200%2C848&ssl=1&resize=1050%2C600 3x"},"classes":[]},{"id":52666,"url":"https:\/\/historiografija.hr\/?p=52666","url_meta":{"origin":10106,"position":2},"title":"Najava programa Festivala povijesti Kliofest (5-8. V. 2026)","author":"Branimir Jankovi\u0107","date":"24. travnja 2026.","format":false,"excerpt":"Po trinaesti put odr\u017eava se Festival povijesti Kliofest! Do petka \u0107emo odr\u017eati osam okruglih stolova i dva kolokvija te niz predstavljanja knjiga i projekata razli\u010dite tematike, od antike do suvremenosti. Bit \u0107e predstavljeno i nekoliko izlo\u017ebi te odr\u017ean jedan povijesni kviz. Prikazat \u0107emo i jedan film \u2013 o generalu Boroevi\u0107u.\u2026","rel":"","context":"U &quot;Novosti&quot;","block_context":{"text":"Novosti","link":"https:\/\/historiografija.hr\/?cat=3"},"img":{"alt_text":"","src":"https:\/\/i0.wp.com\/historiografija.hr\/wp-content\/uploads\/2026\/04\/Kliofest-2026.jpg?fit=526%2C526&ssl=1&resize=350%2C200","width":350,"height":200,"srcset":"https:\/\/i0.wp.com\/historiografija.hr\/wp-content\/uploads\/2026\/04\/Kliofest-2026.jpg?fit=526%2C526&ssl=1&resize=350%2C200 1x, https:\/\/i0.wp.com\/historiografija.hr\/wp-content\/uploads\/2026\/04\/Kliofest-2026.jpg?fit=526%2C526&ssl=1&resize=525%2C300 1.5x"},"classes":[]},{"id":52520,"url":"https:\/\/historiografija.hr\/?p=52520","url_meta":{"origin":10106,"position":3},"title":"Predstavljanje knjige &#8220;Socialist Economics in Yugoslavia: A Critical History&#8221; u Zagrebu","author":"Branimir Jankovi\u0107","date":"17. travnja 2026.","format":false,"excerpt":"Pozivamo vas na predstavljanje knjige \"Socialist Economics in Yugoslavia: A Critical History\", autora Mislava \u00a0\u017ditka i Marka Grde\u0161i\u0107a (Routledge, 2026). Na predstavljanju \u0107e govoriti Branko Milanovi\u0107 (CUNY), Milica Uvali\u0107 (EUI), Zdravko Petak (FPZG) te autori.\u00a0 Predstavljanje \u0107e se odr\u017eati u srijedu 22. travnja u 16:00 sati na Fakultetu politi\u010dkih znanosti\u2026","rel":"","context":"U &quot;Novosti&quot;","block_context":{"text":"Novosti","link":"https:\/\/historiografija.hr\/?cat=3"},"img":{"alt_text":"","src":"https:\/\/i0.wp.com\/historiografija.hr\/wp-content\/uploads\/2026\/04\/Poziv-na-predstavljanje.png?fit=800%2C652&ssl=1&resize=350%2C200","width":350,"height":200,"srcset":"https:\/\/i0.wp.com\/historiografija.hr\/wp-content\/uploads\/2026\/04\/Poziv-na-predstavljanje.png?fit=800%2C652&ssl=1&resize=350%2C200 1x, https:\/\/i0.wp.com\/historiografija.hr\/wp-content\/uploads\/2026\/04\/Poziv-na-predstavljanje.png?fit=800%2C652&ssl=1&resize=525%2C300 1.5x, https:\/\/i0.wp.com\/historiografija.hr\/wp-content\/uploads\/2026\/04\/Poziv-na-predstavljanje.png?fit=800%2C652&ssl=1&resize=700%2C400 2x"},"classes":[]},{"id":52563,"url":"https:\/\/historiografija.hr\/?p=52563","url_meta":{"origin":10106,"position":4},"title":"Predavanje Nenada Fabijani\u0107a o stadionu Poljud u Splitu","author":"Branimir Jankovi\u0107","date":"21. travnja 2026.","format":false,"excerpt":"Znanstveno vije\u0107e za arhitekturu, urbanizam i ure\u0111enje prostora Hrvatske akademije znanosti i umjetnosti organizira predavanje \u201cPo Poljudu\u201d koje \u0107e u srijedu 22. travnja 2026. s po\u010detkom u 14 sati u Knji\u017enici HAZU, Strossmayerov trg 14 u Zagrebu, odr\u017eati\u00a0prof. emerit. dr. art. Nenad Fabijani\u0107,\u00a0\u010dlan suradnik HAZU. Predavanje \u201ePo Poljudu\u201c (Projekt obnove)\u2026","rel":"","context":"U &quot;Novosti&quot;","block_context":{"text":"Novosti","link":"https:\/\/historiografija.hr\/?cat=3"},"img":{"alt_text":"","src":"https:\/\/i0.wp.com\/historiografija.hr\/wp-content\/uploads\/2026\/04\/Poljud-scaled.jpeg?fit=1200%2C800&ssl=1&resize=350%2C200","width":350,"height":200,"srcset":"https:\/\/i0.wp.com\/historiografija.hr\/wp-content\/uploads\/2026\/04\/Poljud-scaled.jpeg?fit=1200%2C800&ssl=1&resize=350%2C200 1x, https:\/\/i0.wp.com\/historiografija.hr\/wp-content\/uploads\/2026\/04\/Poljud-scaled.jpeg?fit=1200%2C800&ssl=1&resize=525%2C300 1.5x, https:\/\/i0.wp.com\/historiografija.hr\/wp-content\/uploads\/2026\/04\/Poljud-scaled.jpeg?fit=1200%2C800&ssl=1&resize=700%2C400 2x, https:\/\/i0.wp.com\/historiografija.hr\/wp-content\/uploads\/2026\/04\/Poljud-scaled.jpeg?fit=1200%2C800&ssl=1&resize=1050%2C600 3x"},"classes":[]},{"id":52592,"url":"https:\/\/historiografija.hr\/?p=52592","url_meta":{"origin":10106,"position":5},"title":"Predstavljanje knjige &#8220;Turska ku\u0107a u Rijeci&#8221; u Zagrebu","author":"Branimir Jankovi\u0107","date":"22. travnja 2026.","format":false,"excerpt":"U prostorijama Turskog kulturnog centra Yunus Emre u Zagrebu, u utorak 21. travnja 2026. godine, odr\u017eano je sve\u010dano predstavljanje dopunjenog izdanja knjige Turska ku\u0107a u Rijeci, u organizaciji Hrvatsko-turskog dru\u0161tva Rijeka i partnerstvu sa Skupinom prijateljstva Hrvatska-Turska Hrvatskog sabora, Veleposlanstvom Republike Turske u Republici Hrvatskoj te Turskim kulturnim centrom Yunus\u2026","rel":"","context":"U &quot;Novosti&quot;","block_context":{"text":"Novosti","link":"https:\/\/historiografija.hr\/?cat=3"},"img":{"alt_text":"","src":"https:\/\/i0.wp.com\/historiografija.hr\/wp-content\/uploads\/2026\/04\/Turska-kuca-ZG.jpg?fit=1200%2C800&ssl=1&resize=350%2C200","width":350,"height":200,"srcset":"https:\/\/i0.wp.com\/historiografija.hr\/wp-content\/uploads\/2026\/04\/Turska-kuca-ZG.jpg?fit=1200%2C800&ssl=1&resize=350%2C200 1x, https:\/\/i0.wp.com\/historiografija.hr\/wp-content\/uploads\/2026\/04\/Turska-kuca-ZG.jpg?fit=1200%2C800&ssl=1&resize=525%2C300 1.5x, https:\/\/i0.wp.com\/historiografija.hr\/wp-content\/uploads\/2026\/04\/Turska-kuca-ZG.jpg?fit=1200%2C800&ssl=1&resize=700%2C400 2x, https:\/\/i0.wp.com\/historiografija.hr\/wp-content\/uploads\/2026\/04\/Turska-kuca-ZG.jpg?fit=1200%2C800&ssl=1&resize=1050%2C600 3x"},"classes":[]}],"_links":{"self":[{"href":"https:\/\/historiografija.hr\/index.php?rest_route=\/wp\/v2\/posts\/10106","targetHints":{"allow":["GET"]}}],"collection":[{"href":"https:\/\/historiografija.hr\/index.php?rest_route=\/wp\/v2\/posts"}],"about":[{"href":"https:\/\/historiografija.hr\/index.php?rest_route=\/wp\/v2\/types\/post"}],"author":[{"embeddable":true,"href":"https:\/\/historiografija.hr\/index.php?rest_route=\/wp\/v2\/users\/2"}],"replies":[{"embeddable":true,"href":"https:\/\/historiografija.hr\/index.php?rest_route=%2Fwp%2Fv2%2Fcomments&post=10106"}],"version-history":[{"count":4,"href":"https:\/\/historiografija.hr\/index.php?rest_route=\/wp\/v2\/posts\/10106\/revisions"}],"predecessor-version":[{"id":10111,"href":"https:\/\/historiografija.hr\/index.php?rest_route=\/wp\/v2\/posts\/10106\/revisions\/10111"}],"wp:featuredmedia":[{"embeddable":true,"href":"https:\/\/historiografija.hr\/index.php?rest_route=\/wp\/v2\/media\/10107"}],"wp:attachment":[{"href":"https:\/\/historiografija.hr\/index.php?rest_route=%2Fwp%2Fv2%2Fmedia&parent=10106"}],"wp:term":[{"taxonomy":"category","embeddable":true,"href":"https:\/\/historiografija.hr\/index.php?rest_route=%2Fwp%2Fv2%2Fcategories&post=10106"},{"taxonomy":"post_tag","embeddable":true,"href":"https:\/\/historiografija.hr\/index.php?rest_route=%2Fwp%2Fv2%2Ftags&post=10106"}],"curies":[{"name":"wp","href":"https:\/\/api.w.org\/{rel}","templated":true}]}}