{"id":10078,"date":"2018-05-28T15:14:45","date_gmt":"2018-05-28T15:14:45","guid":{"rendered":"http:\/\/historiografija.hr\/?p=10078"},"modified":"2018-05-28T15:16:30","modified_gmt":"2018-05-28T15:16:30","slug":"franjo-fuis-podzemni-zagreb-gustav-krklec-beskucnici","status":"publish","type":"post","link":"https:\/\/historiografija.hr\/?p=10078","title":{"rendered":"&#8220;Motor mijene&#8221;: Franjo Fuis: Podzemni Zagreb \/ Gustav Krklec: Besku\u0107nici"},"content":{"rendered":"<p>U srijedu, 30. svibnja 2018. u 18 sati u Booksi (Marti\u0107eva 14d) u Zagrebu novi termin &#8220;Motora mijene&#8221; tematizira zbirku pri\u010da \u201ePodzemni Zagreb 1934-1941\u201c Franje M. Fuisa i roman \u201eBesku\u0107nici: roman izgubljenog nara\u0161taja\u201c Gustava Krkleca iz 1921. godine.<\/p>\n<p>&nbsp;<\/p>\n<p>&#8212;<\/p>\n<p>&nbsp;<\/p>\n<p><strong>Motor mijene &#8211; Motor des Wandels<\/strong><\/p>\n<p>&nbsp;<\/p>\n<p>&nbsp;<\/p>\n<p>Motor se vra\u0107a ku\u0107i:<\/p>\n<p>Na sljede\u0107em sastanku govorimo o novinarskoj i op\u0107esocijalnoj bijedi izme\u0111u dva rata, ali i o jednom pioniru istra\u017eiva\u010dkog novinarstva. Naime, mjesec okon\u010davamo zbirkom \u201ePodzemni Zagreb 1934-1941\u201c Franje M. Fuisa, napose pri\u010dama \u201eNiz strminu bijede\u201c, \u201eNa skup\u0161tini &#8216;Prosja\u010dkog Dru\u0161tva&#8217;\u201c i \u201eStrahovita smrt skitnica\u201c.<\/p>\n<p>A kome zafali lektire (pri\u010de su kratke) pa po\u017eeli pro\u0161iriti raspravu i na rane dvadesete, taj ili ta neka si pro\u010dita roman\u010di\u0107 \u201eBesku\u0107nici: roman izgubljenog nara\u0161taja\u201c Gustava Krkleca iz 1921. g. Za prekarne novinare i sve one koje \u2013 kao ovi Krklecovi \u2013 to ne \u017eele (p)ostati!<\/p>\n<p>&nbsp;<\/p>\n<p>Prenosim dva ulomka iz pregovora i pogovora \u201ePodzemnom Zagrebu\u201c:<\/p>\n<p>&nbsp;<\/p>\n<p>\u201eFuis je duboko osje\u0107ao ljudske nepravde, bunio se na dru\u0161tveno ure\u0111enje, koje ih je stvorilo, ali nije bio kadar shvatiti prave uzroke takvim pojavama i prema tome povu\u0107i potrebne zaklju\u010dke. Ipak je, upravo intuitivno, umio svladati zapreke, koje je cenzura postavila \u0161tampi: iskori\u0161tavao je senzacionalisti\u010dku formu reporta\u017ee i senzacionalisti\u010dki postirane sadr\u017eaje nekih, naoko izoliranih zbivanja, da i kroz stupce bur\u017eoaske \u0161tampe ka\u017ee istinu ili bar dio istine o \u017eivotu ljudi u tragikomi\u010dnom vremenu izme\u0111u dva rata. Stoga njegove reporta\u017ee, unato\u010d nekih nedostataka, ostaju dokumenat toga vremena i imale su pozitivno djelovanje na tada\u0161nje \u010ditaoce izazivaju\u0107i naro\u010diti bijes i bezo\u010dnu kritiku klerikalnih krugova.\u201c (Vlado Majer)<\/p>\n<p>&nbsp;<\/p>\n<p>\u201eFuis ne pi\u0161e reporta\u017ee iz pala\u010da i dvoraca, nego iz koliba i jazbina; Fuis ne veli\u010da &#8216;zaslu\u017eni&#8217; rad o &#8216;godi\u0161njicama&#8217; birokrata i gra\u0111anskih ministara, nego napore pionira, koji umiru napu\u0161teni i zaboravljeni; Fuis ne posje\u0107uje plesove &#8216;visokoga dru\u0161tva&#8217;, nego pu\u010dke zabave: narodne festivale, borbe bikova i ciganske balove. U Fuisovo vidno polje ne pada kriminal, niti on od toga pravi senzacije. On opisuje ljude &#8216;na strmini bijede&#8217;, na rubu kriminala, nastoje\u0107i ispod pepela njihove tragedije otpretati onu zdravu iskru, koja jo\u0161 tinja, i mobilizirati napredne snage dru\u0161tva u borbu za izbavljenje \u010dovjeka. Pravi smisao te borbe sagledao je Fuis, istina, tek u danima okupacije na\u0161e zemlje, no osnovna tematika njegovih reporta\u017ea bila je i prije u stanovitoj mjeri progresivna.\u201c (Vlado Majer)<\/p>\n<p>&nbsp;<\/p>\n<p>&nbsp;<\/p>\n<p>No kako je Fuis bitan i za razvoj doma\u0107eg stripa, mo\u017eemo i tome povesti rije\u010d. Sa stranice <a href=\"http:\/\/www.stripforum.hr\/leksikon\/autori\/fuis-franjo\/\">http:\/\/www.stripforum.hr\/leksikon\/autori\/fuis-franjo\/<\/a> prenosim biografsku bilje\u0161ku:<\/p>\n<p>&nbsp;<\/p>\n<p>Kada je po\u010deo rat, Franjo Fuis postaje partizanski obavje\u0161tajac u okupiranom Zagrebu, djeluju\u0107i u okviru ilegalne skupine \u201cGaleb\u201d, sastavljene od predratnih zrakoplovaca. Listopada 1943. godine, u otetom avionu Potez 25, poletio je s domobranskog aerodroma na Borongaju u partizane, ali se avion sru\u0161io negdje na podru\u010dju Plitvi\u010dkih jezera. U nesre\u0107i je, zajedno s trojicom suradnika poginuo i Franjo Fuis.<\/p>\n<p>&nbsp;<\/p>\n<p>&#8211; A onda i bilje\u0161ku o njegovu zna\u010denju za strip:<\/p>\n<p>&nbsp;<\/p>\n<p>Veliki doprinos dao je Fuis i razvoju hrvatskog, odnosno jugoslavenskog, stripa. U razdoblju od 1936. do 1941. godine napisao je ukupno 15 scenarija izuzetnog psiholo\u0161kog naboja i kreirao, zajedno sa Andrijom Maurovi\u0107em, neponovljive likove kakvi su se tada retko sretali \u010dak i u radovima vrhunskih ameri\u010dkih autora. Pojedini junaci iz Fuisovih pri\u010da dostigli su veliku popularnost, dok je lik Starog Ma\u010dka postao neka vrsta za\u0161titnog znaka za cjelokupno Fuisovo i Maurovi\u0107evo stvarala\u0161tvo, ostaju\u0107i zlatnim slovima upisan u povjesnicama hrvatskog i svjetskog stripa.<\/p>\n<p>&nbsp;<\/p>\n<p>&nbsp;<\/p>\n<p>&#8212;<\/p>\n<p>&nbsp;<\/p>\n<p>S novcima moglo se kupiti slavu, \u010dast, ugled, polo\u017eaj, sve&#8230; \u010cinovnik, ako je bio po\u0161ten, morao je da gladuje, ili barem da \u017eivi u najbednijim prilikama. To su znali i \u0111aci, od kojih mnogi uteko\u0161e iz srednjih i vi\u0161ih \u0161kola, i dado\u0161e se u \u201etrgovinu\u201c. A korupcija, koja je svakog dana bivala sve ve\u0107om, i u javnom i u dru\u0161tvenom \u017eivotu, gazila je pobedni\u010dki sve \u0161to nije imalo smisla za plja\u010dku, za podmi\u0107ivanje, za kriom\u010darenje. Na svim su stranama bila vrela za oboga\u0107ivanje, i nije bio neobi\u010dan slu\u010daj da ju\u010dera\u0161nji skitnica, vucibatina i probisvet, sutra bude milioner, posjednik automobila i metrese. Inteligenciju duha zamenila je inteligencija zara\u0111ivanja novaca. A kako su najvi\u0161e novaca zara\u0111ivali ve\u0107im delom ljudi sumnjiva karaktera i jo\u0161 sumnjivije naobrazbe, dogodilo se, te su u dru\u0161tvu preko no\u0107i isko\u010dili neki novi, sumnjivi tipovi. Zagreb je polako postajao centar kulturnih zlikovaca, tipova poslednje vrsti, i sve sile nekih malenih, prevrtljivih ignoranti\u0107a.<\/p>\n<p>(Gustav Krklec: &#8220;Besku\u0107nici&#8221;, 1921)<\/p>\n<p>&nbsp;<\/p>\n<p>&#8212;<\/p>\n<p>&nbsp;<\/p>\n<p>&nbsp;<\/p>\n<p>Jo\u0161 malo atmosfere dvadesetih, ovaj put od Krle\u017ee:<\/p>\n<p>\u201cDa, da, moj mladi gospodine! Igrao sam ja ve\u0107 va\u0161u ulogu u \u017eivotu! Igrao sam je! To je vrijeme kad \u010dovjek imade silne iluzije! I volja mu nije satrta! To je gibanje u jednoj liniji nebom. [&#8230;] Svi smo mi vjerovali da \u0107emo preorati globus. A \u0161to se dogodilo? Poni\u017eenje za poni\u017eenjem! Sramota za sramotom! Porazi! Propasti! Nije bilo novaca! Bilo je projekata i ideja i sinteza, ali nije bilo novaca, nije bilo ni krova, ni kruha, ni tople pe\u0107i. [&#8230;] NIJE BILO PO\u0160TENE REDAKCIJE! NI MOGU\u0106NOSTI DA KOREKTOR POSTANE \u010cOVJEK!\u201c<\/p>\n<p>(Tri kavaljera frajle Melanije)<\/p>\n<p>&nbsp;<\/p>\n<p>&#8212;<\/p>\n<p>&nbsp;<\/p>\n<p>\u017divjeti u Zagrebu izme\u0111u dva rata:<\/p>\n<p>&#8220;Stanar Tu\u0161kanca raspolagao je s oko 50 \u010detvornih metara stambene povr\u0161ine, korisnik najamnog stana s oko 17, a na Tre\u0161njevci je u sobi sa \u0161tednjakom na 12 \u010detvornih metara \u017eivjela \u0161estero\u010dlana obitelj.<\/p>\n<p>Statisti\u010dki podaci doista su stra\u0161ni: na jednom hektaru na Tu\u0161kancu je \u017eivjelo 17 stanovnika, na Pe\u0161\u010denici 63, a na Tre\u0161njevci \u010dak 102.<\/p>\n<p>[&#8230;] najve\u0107i urbanisti\u010dki problem me\u0111uratnog Zagreba: surova stvarnost periferije napu\u010dene divljim ku\u0107ama bez osnovnih higijenskih uvjeta, kategorija izgradnje koju grad prije Prvoga svjetskog rata gotovo i nije poznavao. Strahote \u017eivota u barakama i vagonima periferije, ali i onih podignutih u dvori\u0161tima donjogradskih blokova, te na njihovim tavanima i u podrumima&#8230;<\/p>\n<p>[&#8230;] U takvim uvjetima \u017eivjelo je, naime, izme\u0111u \u010detrdeset i pedeset tisu\u0107a ljudi, ni vi\u0161e ni manje nego \u010detvrtina zagreba\u010dkog stanovni\u0161tva. Osim posljedica ove pojave, s kojom su bili suo\u010deni svi veliki europski gradovi, s tom razlikom \u0161to su kod nas zbog visokih najamnina, dvostruko ve\u0107ih nego u Europi, prilike bile jo\u0161 gore.<\/p>\n<p>[&#8230;]<\/p>\n<p>Zagreb se u razdoblju od 1921. do 1931. godine prvi put u svojoj povijesti suo\u010dio s enormnim porastom gradskog stanovni\u0161tva koje se pove\u0107alo za gotovo 77 000.<\/p>\n<p>[&#8230;]<\/p>\n<p>Stambenoj je krizi pridonio i izostanak planiranoga, organiziranog djelovanja gradskih op\u0107ina u rje\u0161avanju problema stanovanja najsiroma\u0161nije gradske populacije \u2013 radnika I nezaposlenih. Indiferentnost dr\u017eave ne treba odvi\u0161e \u010duditi ako se zna da je Jugoslavija bila agrarna zemlja s vi\u0161e od 80% seoskog stanovni\u0161tva. Nehumane stambene uvjete i krizu dr\u017eava nije smatrala op\u0107im dru\u0161tvenim problemom kojemu treba posvetiti du\u017enu pozornost, a gradske su je op\u0107ine izgradnjom pojedina\u010dnih gradskih stambenih ku\u0107a i rijetkih naselja minimalno ubla\u017eile. Lo\u0161i stanovi, uz lo\u0161u prehranu, bili su glavni uzrok velikom broju razli\u010ditih oboljenja, me\u0111u kojima je na prvome mjestu bila tuberkuloza. Naime, svaki tre\u0107i zagreba\u010dki radnik umirao je upravo od te bolesti. Umjesto da se najve\u0107a pozornost obrati iskorjenjivanju glavnog i osnovnog uzroka, socijalno djelovanje i dr\u017eave i gradskih op\u0107ina bilo je usmjereno na osnivanje javnih ustanova poput antituberkuloznih dispanzera, sanatorija, kolonija za bolesnu djecu itd., kojih kapaciteti nisu zadovoljavali potrebe. Nakon terapije, zalije\u010deni bolesnici vra\u0107ali su se u iste lo\u0161e stambene i radne uvjete.&#8221;<\/p>\n<p>Tamara Bja\u017ei\u0107 Klarin: \u201eRadna grupa Zagreb \u2013 osnutak i javno djelovanje na hrvatskoj kulturnoj sceni.\u201c<\/p>\n<p>&nbsp;<\/p>\n<p>&nbsp;<\/p>\n<p>Izvor:<\/p>\n<p>&nbsp;<\/p>\n<p><a href=\"https:\/\/hr-hr.facebook.com\/Motormijene\/\">https:\/\/hr-hr.facebook.com\/Motormijene\/<\/a><\/p>\n<p>&nbsp;<\/p>\n<p><a href=\"https:\/\/hr-hr.facebook.com\/events\/1701125209983106\/\">https:\/\/hr-hr.facebook.com\/events\/1701125209983106\/<\/a><\/p>\n<p>&nbsp;<\/p>\n<p>&nbsp;<\/p>\n","protected":false},"excerpt":{"rendered":"","protected":false},"author":2,"featured_media":10079,"comment_status":"open","ping_status":"open","sticky":false,"template":"","format":"standard","meta":{"_acf_changed":false,"jetpack_post_was_ever_published":false,"_jetpack_newsletter_access":"","_jetpack_dont_email_post_to_subs":false,"_jetpack_newsletter_tier_id":0,"_jetpack_memberships_contains_paywalled_content":false,"_jetpack_memberships_contains_paid_content":false,"footnotes":"","jetpack_publicize_message":"","jetpack_publicize_feature_enabled":true,"jetpack_social_post_already_shared":true,"jetpack_social_options":{"image_generator_settings":{"template":"highway","default_image_id":0,"font":"","enabled":false},"version":2}},"categories":[3],"tags":[],"class_list":["post-10078","post","type-post","status-publish","format-standard","has-post-thumbnail","hentry","category-novosti"],"acf":{"facebook_opis":""},"jetpack_publicize_connections":[],"jetpack_featured_media_url":"https:\/\/i0.wp.com\/historiografija.hr\/wp-content\/uploads\/2018\/05\/m-m.jpg?fit=680%2C403&ssl=1","jetpack_sharing_enabled":true,"jetpack-related-posts":[{"id":52499,"url":"https:\/\/historiografija.hr\/?p=52499","url_meta":{"origin":10078,"position":0},"title":"POTPISAN UGOVOR O ZNANSTVENO-ISTRA\u017dIVA\u010cKOJ SURADNJI: PROJEKT \u201eTEMELJI HRVATSKE SAMOSTALNOSTI\u201d","author":"Branimir Jankovi\u0107","date":"17. travnja 2026.","format":false,"excerpt":"Hrvatski institut za povijest, Sveu\u010dili\u0161te obrane i sigurnosti \u201eDr. Franjo Tu\u0111man\u201d, Institut dru\u0161tvenih znanosti Ivo Pilar i Hrvatski dr\u017eavni arhiv\u00a0potpisali su 23. o\u017eujka 2026.\u00a0Ugovor o znanstveno-istra\u017eiva\u010dkoj suradnji s ciljem provedbe projekta \u201eTemelji hrvatske samostalnosti\u201d. Tim projektom obuhva\u0107a se istra\u017eivanje arhivskoga gradiva, priprema znanstvenih publikacija, digitalizacija i javna prezentacija rezultata istra\u017eivanja\u2026","rel":"","context":"U &quot;Novosti&quot;","block_context":{"text":"Novosti","link":"https:\/\/historiografija.hr\/?cat=3"},"img":{"alt_text":"","src":"https:\/\/i0.wp.com\/historiografija.hr\/wp-content\/uploads\/2026\/04\/THS_sporazum.jpg?fit=1200%2C583&ssl=1&resize=350%2C200","width":350,"height":200,"srcset":"https:\/\/i0.wp.com\/historiografija.hr\/wp-content\/uploads\/2026\/04\/THS_sporazum.jpg?fit=1200%2C583&ssl=1&resize=350%2C200 1x, https:\/\/i0.wp.com\/historiografija.hr\/wp-content\/uploads\/2026\/04\/THS_sporazum.jpg?fit=1200%2C583&ssl=1&resize=525%2C300 1.5x, https:\/\/i0.wp.com\/historiografija.hr\/wp-content\/uploads\/2026\/04\/THS_sporazum.jpg?fit=1200%2C583&ssl=1&resize=700%2C400 2x, https:\/\/i0.wp.com\/historiografija.hr\/wp-content\/uploads\/2026\/04\/THS_sporazum.jpg?fit=1200%2C583&ssl=1&resize=1050%2C600 3x"},"classes":[]},{"id":52547,"url":"https:\/\/historiografija.hr\/?p=52547","url_meta":{"origin":10078,"position":1},"title":"ISHA Zagreb \u2013 Filmska ve\u010der: Povratak Martina Guerrea","author":"Branimir Jankovi\u0107","date":"20. travnja 2026.","format":false,"excerpt":"Klub studenata povijesti \u2013 ISHA Zagreb poziva Vas na filmsku ve\u010der na kojoj \u0107e se prikazivati \u201ePovratak Martina Guerrea\u201c, povijesna drama iz 1982. godine s radnjom smje\u0161tenom u 16. stolje\u0107u. Radnja je utemeljena na stvarnoj povijesnoj li\u010dnosti Martina Guerrea koji se nakon mnogo godina izbivanja vra\u0107a u svoje rodno mjesto\u2026","rel":"","context":"U &quot;Filmovi i serije&quot;","block_context":{"text":"Filmovi i serije","link":"https:\/\/historiografija.hr\/?cat=13"},"img":{"alt_text":"","src":"https:\/\/i0.wp.com\/historiografija.hr\/wp-content\/uploads\/2026\/04\/M-Guerre.png?fit=702%2C1006&ssl=1&resize=350%2C200","width":350,"height":200,"srcset":"https:\/\/i0.wp.com\/historiografija.hr\/wp-content\/uploads\/2026\/04\/M-Guerre.png?fit=702%2C1006&ssl=1&resize=350%2C200 1x, https:\/\/i0.wp.com\/historiografija.hr\/wp-content\/uploads\/2026\/04\/M-Guerre.png?fit=702%2C1006&ssl=1&resize=525%2C300 1.5x, https:\/\/i0.wp.com\/historiografija.hr\/wp-content\/uploads\/2026\/04\/M-Guerre.png?fit=702%2C1006&ssl=1&resize=700%2C400 2x"},"classes":[]},{"id":52666,"url":"https:\/\/historiografija.hr\/?p=52666","url_meta":{"origin":10078,"position":2},"title":"Najava programa Festivala povijesti Kliofest (5-8. V. 2026)","author":"Branimir Jankovi\u0107","date":"24. travnja 2026.","format":false,"excerpt":"Po trinaesti put odr\u017eava se Festival povijesti Kliofest! Do petka \u0107emo odr\u017eati osam okruglih stolova i dva kolokvija te niz predstavljanja knjiga i projekata razli\u010dite tematike, od antike do suvremenosti. Bit \u0107e predstavljeno i nekoliko izlo\u017ebi te odr\u017ean jedan povijesni kviz. Prikazat \u0107emo i jedan film \u2013 o generalu Boroevi\u0107u.\u2026","rel":"","context":"U &quot;Novosti&quot;","block_context":{"text":"Novosti","link":"https:\/\/historiografija.hr\/?cat=3"},"img":{"alt_text":"","src":"https:\/\/i0.wp.com\/historiografija.hr\/wp-content\/uploads\/2026\/04\/Kliofest-2026.jpg?fit=526%2C526&ssl=1&resize=350%2C200","width":350,"height":200,"srcset":"https:\/\/i0.wp.com\/historiografija.hr\/wp-content\/uploads\/2026\/04\/Kliofest-2026.jpg?fit=526%2C526&ssl=1&resize=350%2C200 1x, https:\/\/i0.wp.com\/historiografija.hr\/wp-content\/uploads\/2026\/04\/Kliofest-2026.jpg?fit=526%2C526&ssl=1&resize=525%2C300 1.5x"},"classes":[]},{"id":52607,"url":"https:\/\/historiografija.hr\/?p=52607","url_meta":{"origin":10078,"position":3},"title":"No\u0107 knjige: Kako je prije 410 godina smr\u0107u Shakespearea i Cervantesa zavr\u0161ilo razdoblje renesanse u knji\u017eevnosti","author":"Branimir Jankovi\u0107","date":"22. travnja 2026.","format":false,"excerpt":"\u010cetvrtak, 23. travnja 2026. u 18:00 sati, Knji\u017eara Matice hrvatske, Ulica Matice hrvatske 2, Zagreb Uvodna rije\u010d: dr. sc.\u00a0Dubravka Brezak Stama\u0107, pro\u010delnica Odjela za knji\u017eevnost Matice hrvatske Prof. dr. sc. Ivan Lupi\u0107, redoviti profesor u Odsjeku za anglistiku i Odsjeku za kroatistiku Sveu\u010dili\u0161ta u RijeciShakespeare, kazali\u0161te, glazbaKada se susre\u0107emo sa\u2026","rel":"","context":"U &quot;Novosti&quot;","block_context":{"text":"Novosti","link":"https:\/\/historiografija.hr\/?cat=3"},"img":{"alt_text":"","src":"https:\/\/i0.wp.com\/historiografija.hr\/wp-content\/uploads\/2026\/04\/noc_knjige_2026.jpg?fit=680%2C276&ssl=1&resize=350%2C200","width":350,"height":200,"srcset":"https:\/\/i0.wp.com\/historiografija.hr\/wp-content\/uploads\/2026\/04\/noc_knjige_2026.jpg?fit=680%2C276&ssl=1&resize=350%2C200 1x, https:\/\/i0.wp.com\/historiografija.hr\/wp-content\/uploads\/2026\/04\/noc_knjige_2026.jpg?fit=680%2C276&ssl=1&resize=525%2C300 1.5x"},"classes":[]},{"id":52592,"url":"https:\/\/historiografija.hr\/?p=52592","url_meta":{"origin":10078,"position":4},"title":"Predstavljanje knjige &#8220;Turska ku\u0107a u Rijeci&#8221; u Zagrebu","author":"Branimir Jankovi\u0107","date":"22. travnja 2026.","format":false,"excerpt":"U prostorijama Turskog kulturnog centra Yunus Emre u Zagrebu, u utorak 21. travnja 2026. godine, odr\u017eano je sve\u010dano predstavljanje dopunjenog izdanja knjige Turska ku\u0107a u Rijeci, u organizaciji Hrvatsko-turskog dru\u0161tva Rijeka i partnerstvu sa Skupinom prijateljstva Hrvatska-Turska Hrvatskog sabora, Veleposlanstvom Republike Turske u Republici Hrvatskoj te Turskim kulturnim centrom Yunus\u2026","rel":"","context":"U &quot;Novosti&quot;","block_context":{"text":"Novosti","link":"https:\/\/historiografija.hr\/?cat=3"},"img":{"alt_text":"","src":"https:\/\/i0.wp.com\/historiografija.hr\/wp-content\/uploads\/2026\/04\/Turska-kuca-ZG.jpg?fit=1200%2C800&ssl=1&resize=350%2C200","width":350,"height":200,"srcset":"https:\/\/i0.wp.com\/historiografija.hr\/wp-content\/uploads\/2026\/04\/Turska-kuca-ZG.jpg?fit=1200%2C800&ssl=1&resize=350%2C200 1x, https:\/\/i0.wp.com\/historiografija.hr\/wp-content\/uploads\/2026\/04\/Turska-kuca-ZG.jpg?fit=1200%2C800&ssl=1&resize=525%2C300 1.5x, https:\/\/i0.wp.com\/historiografija.hr\/wp-content\/uploads\/2026\/04\/Turska-kuca-ZG.jpg?fit=1200%2C800&ssl=1&resize=700%2C400 2x, https:\/\/i0.wp.com\/historiografija.hr\/wp-content\/uploads\/2026\/04\/Turska-kuca-ZG.jpg?fit=1200%2C800&ssl=1&resize=1050%2C600 3x"},"classes":[]},{"id":52556,"url":"https:\/\/historiografija.hr\/?p=52556","url_meta":{"origin":10078,"position":5},"title":"ZagrebDox 2026.","author":"Branimir Jankovi\u0107","date":"20. travnja 2026.","format":false,"excerpt":"Me\u0111unarodni festival dokumentarnog filma 19. - 26. travnja 2026. Kaptol Boutique Cinema, Zagreb Program i dodatne obavijesti: https:\/\/zagrebdox.net\/hr","rel":"","context":"U &quot;Filmovi i serije&quot;","block_context":{"text":"Filmovi i serije","link":"https:\/\/historiografija.hr\/?cat=13"},"img":{"alt_text":"","src":"https:\/\/i0.wp.com\/historiografija.hr\/wp-content\/uploads\/2026\/04\/DOX-logo.jpg?fit=600%2C600&ssl=1&resize=350%2C200","width":350,"height":200,"srcset":"https:\/\/i0.wp.com\/historiografija.hr\/wp-content\/uploads\/2026\/04\/DOX-logo.jpg?fit=600%2C600&ssl=1&resize=350%2C200 1x, https:\/\/i0.wp.com\/historiografija.hr\/wp-content\/uploads\/2026\/04\/DOX-logo.jpg?fit=600%2C600&ssl=1&resize=525%2C300 1.5x"},"classes":[]}],"_links":{"self":[{"href":"https:\/\/historiografija.hr\/index.php?rest_route=\/wp\/v2\/posts\/10078","targetHints":{"allow":["GET"]}}],"collection":[{"href":"https:\/\/historiografija.hr\/index.php?rest_route=\/wp\/v2\/posts"}],"about":[{"href":"https:\/\/historiografija.hr\/index.php?rest_route=\/wp\/v2\/types\/post"}],"author":[{"embeddable":true,"href":"https:\/\/historiografija.hr\/index.php?rest_route=\/wp\/v2\/users\/2"}],"replies":[{"embeddable":true,"href":"https:\/\/historiografija.hr\/index.php?rest_route=%2Fwp%2Fv2%2Fcomments&post=10078"}],"version-history":[{"count":3,"href":"https:\/\/historiografija.hr\/index.php?rest_route=\/wp\/v2\/posts\/10078\/revisions"}],"predecessor-version":[{"id":10082,"href":"https:\/\/historiografija.hr\/index.php?rest_route=\/wp\/v2\/posts\/10078\/revisions\/10082"}],"wp:featuredmedia":[{"embeddable":true,"href":"https:\/\/historiografija.hr\/index.php?rest_route=\/wp\/v2\/media\/10079"}],"wp:attachment":[{"href":"https:\/\/historiografija.hr\/index.php?rest_route=%2Fwp%2Fv2%2Fmedia&parent=10078"}],"wp:term":[{"taxonomy":"category","embeddable":true,"href":"https:\/\/historiografija.hr\/index.php?rest_route=%2Fwp%2Fv2%2Fcategories&post=10078"},{"taxonomy":"post_tag","embeddable":true,"href":"https:\/\/historiografija.hr\/index.php?rest_route=%2Fwp%2Fv2%2Ftags&post=10078"}],"curies":[{"name":"wp","href":"https:\/\/api.w.org\/{rel}","templated":true}]}}