{"id":10035,"date":"2018-05-25T14:48:29","date_gmt":"2018-05-25T14:48:29","guid":{"rendered":"http:\/\/historiografija.hr\/?p=10035"},"modified":"2018-05-25T14:48:29","modified_gmt":"2018-05-25T14:48:29","slug":"nobelovka-herta-muller-u-hnk","status":"publish","type":"post","link":"https:\/\/historiografija.hr\/?p=10035","title":{"rendered":"Nobelovka Herta M\u00fcller u HNK"},"content":{"rendered":"<p>Filozofski teatar u Hrvatskom narodnom kazali\u0161tu u Zagrebu u nedjelju, 27. svibnja 2018. ugo\u0161\u0107uje poznatu knji\u017eevnicu Hertu M\u00fcller \u010dija djela govore \u201co aspektima \u017eivota u vrijeme totalitarizma\u201d.<\/p>\n<p>&nbsp;<\/p>\n<p>&nbsp;<\/p>\n<p>&#8212;<\/p>\n<p>&nbsp;<\/p>\n<p>&nbsp;<\/p>\n<p><strong>Slavna nobelovka Herta M\u00fcller u HNK<\/strong><\/p>\n<p>&nbsp;<\/p>\n<p>&nbsp;<\/p>\n<p>Potvr\u0111uju\u0107i se kao jedan od najva\u017enijih kulturnih programa u Hrvatskoj, a i \u0161ire, Filozofski teatar u Hrvatskome narodnom kazali\u0161tu u Zagrebu u nedjelju, 27. svibnja ugo\u0161\u0107uje slavnu knji\u017eevnicu Hertu M\u00fcller.<\/p>\n<p>&nbsp;<\/p>\n<p>&nbsp;<\/p>\n<p>Herta M\u00fcller rodila se u Rumunjskoj 1953., u Nitzkydorfu, selu u pokrajini Banat. U Temi\u0161varu studira njema\u010dki i rumunjski jezik s knji\u017eevno\u0161\u0107u. U vrijeme zloglasne Ceausescuove diktature zala\u017ee se za slobodu govora, a ve\u0107 s prvim knjigama ima problema s cenzorima. Nedugo nakon toga otpu\u0161tena je s mjesta prevoditeljice u tvornici, jer je odbila suradnju s rumunjskom tajnom slu\u017ebom. Kako joj je zbog kritike diktature uskoro zabranjeno objavljivanje u Rumunjskoj, 1987. emigrira u Berlin gdje \u017eivi i danas. Njezin se anga\u017eman nastavio i na Zapadu pa se tako ispisala iz Njema\u010dkoga PEN-a jer nije htjela biti u istom dru\u0161tvu s piscima iz biv\u0161eg DDR-a koji su sura\u0111ivali s tajnim slu\u017ebama.<\/p>\n<p>&nbsp;<\/p>\n<p>&nbsp;<\/p>\n<p>Ve\u0107ina djela Herte M\u00fcller govore upravo o aspektima \u017eivota u vrijeme totalitarizma. Na hrvatski jezik, zahvaljuju\u0107i nakladni\u010dkoj ku\u0107i OceanMore, dosad su prevedena sljede\u0107a njezina djela Da mi je danas bilo ne susresti sebe, Ljulja\u010dka daha, Remen, prozor, orah i ru\u017ee.<\/p>\n<p>&nbsp;<\/p>\n<p>&nbsp;<\/p>\n<p>Nakon niza njema\u010dkih i me\u0111unarodnih nagrada, Herta M\u00fcller je 2009. godine dobila Nobelovu nagradu za knji\u017eevnost. U obja\u0161njenju Kraljevske akademije u Stockholmu stoji kako Herta M\u00fcller jezikom komprimiranim poput poezije i iskrenim kao u prozi, opisuje i analizira svijet razvla\u0161tenih.<\/p>\n<p>&nbsp;<\/p>\n<p>&nbsp;<\/p>\n<p>Razgovor s Hertom M\u00fcller u sklopu Filozofskoga teatra u HNK vodit \u0107e urednik i voditelj tog programa filozof Sre\u0107ko Horvat.<\/p>\n<p>&nbsp;<\/p>\n<p>&nbsp;<\/p>\n<p>Idu\u0107a go\u0161\u0107a Filozofskoga teatra 17. lipnja je Hito Steyerl, nedavno progla\u0161ena jednom od najmo\u0107nijih umjetnica dana\u0161njice.<\/p>\n<p>&nbsp;<\/p>\n<p>&nbsp;<\/p>\n<p>Izvor: <a href=\"https:\/\/www.hnk.hr\/hr\/novosti\/slavna-nobelovka-herta-m\u00fcller-u-hnk\/\">https:\/\/www.hnk.hr\/hr\/novosti\/slavna-nobelovka-herta-m\u00fcller-u-hnk\/<\/a><\/p>\n<p>&nbsp;<\/p>\n<p>&nbsp;<\/p>\n","protected":false},"excerpt":{"rendered":"","protected":false},"author":2,"featured_media":10037,"comment_status":"open","ping_status":"open","sticky":false,"template":"","format":"standard","meta":{"_acf_changed":false,"jetpack_post_was_ever_published":false,"_jetpack_newsletter_access":"","_jetpack_dont_email_post_to_subs":false,"_jetpack_newsletter_tier_id":0,"_jetpack_memberships_contains_paywalled_content":false,"_jetpack_memberships_contains_paid_content":false,"footnotes":"","jetpack_publicize_message":"","jetpack_publicize_feature_enabled":true,"jetpack_social_post_already_shared":true,"jetpack_social_options":{"image_generator_settings":{"template":"highway","default_image_id":0,"font":"","enabled":false},"version":2}},"categories":[3],"tags":[],"class_list":["post-10035","post","type-post","status-publish","format-standard","has-post-thumbnail","hentry","category-novosti"],"acf":{"facebook_opis":""},"jetpack_publicize_connections":[],"jetpack_featured_media_url":"https:\/\/i0.wp.com\/historiografija.hr\/wp-content\/uploads\/2018\/05\/HERTA_MUELLER_plakat_WEB_preview-1.jpg?fit=1110%2C938&ssl=1","jetpack_sharing_enabled":true,"jetpack-related-posts":[{"id":52681,"url":"https:\/\/historiografija.hr\/?p=52681","url_meta":{"origin":10035,"position":0},"title":"XIII. Festival povijesti Kliofest 2026.","author":"Branimir Jankovi\u0107","date":"27. travnja 2026.","format":false,"excerpt":"Trinaesti Festival povijesti Kliofest odr\u017eava se od 5. do 8. svibnja 2026. u Nacionalnoj i sveu\u010dili\u0161noj knji\u017enici u Zagrebu, kao i na nekoliko drugih lokacija u gradu. Cjelokupni program nalazi se u programskoj knji\u017eici u nastavku. Kliofest 2026 - ProgramPreuzmi","rel":"","context":"U &quot;Prikazi i osvrti&quot;","block_context":{"text":"Prikazi i osvrti","link":"https:\/\/historiografija.hr\/?cat=4"},"img":{"alt_text":"","src":"","width":0,"height":0},"classes":[]},{"id":52699,"url":"https:\/\/historiografija.hr\/?p=52699","url_meta":{"origin":10035,"position":1},"title":"Sve\u010dano otvaranje Festivala povijesti Kliofest","author":"Filip \u0160imunjak","date":"28. travnja 2026.","format":false,"excerpt":"Pozivamo Vas na sve\u010dano otvaranje XIII. Festivala povijesti Kliofest, u utorak, 5. svibnja 2026. u Nacionalnoj i sveu\u010dili\u0161noj knji\u017enici u Zagrebu, s po\u010detkom u 11 sati. Cijeli program skupa mo\u017eete poglededati na www.kliofest.hr te https:\/\/historiografija.hr\/?p=52681.","rel":"","context":"U &quot;Novosti&quot;","block_context":{"text":"Novosti","link":"https:\/\/historiografija.hr\/?cat=3"},"img":{"alt_text":"","src":"https:\/\/i0.wp.com\/historiografija.hr\/wp-content\/uploads\/2026\/04\/Otvaranje-Kliofest-2026.jpg?fit=1200%2C566&ssl=1&resize=350%2C200","width":350,"height":200,"srcset":"https:\/\/i0.wp.com\/historiografija.hr\/wp-content\/uploads\/2026\/04\/Otvaranje-Kliofest-2026.jpg?fit=1200%2C566&ssl=1&resize=350%2C200 1x, https:\/\/i0.wp.com\/historiografija.hr\/wp-content\/uploads\/2026\/04\/Otvaranje-Kliofest-2026.jpg?fit=1200%2C566&ssl=1&resize=525%2C300 1.5x, https:\/\/i0.wp.com\/historiografija.hr\/wp-content\/uploads\/2026\/04\/Otvaranje-Kliofest-2026.jpg?fit=1200%2C566&ssl=1&resize=700%2C400 2x, https:\/\/i0.wp.com\/historiografija.hr\/wp-content\/uploads\/2026\/04\/Otvaranje-Kliofest-2026.jpg?fit=1200%2C566&ssl=1&resize=1050%2C600 3x"},"classes":[]},{"id":52717,"url":"https:\/\/historiografija.hr\/?p=52717","url_meta":{"origin":10035,"position":2},"title":"Okrugli stol &#8220;Dvjestapedeset godina Sjedinjenih Ameri\u010dkih Dr\u017eava \u2013 od kolonije do prve zemlje svijeta i dalje&#8221;","author":"Filip \u0160imunjak","date":"29. travnja 2026.","format":false,"excerpt":"Ove godine obilje\u017eava se 250. obljetnica osnutka Sjedinjenih Ameri\u010dkih Dr\u017eava, povodom koje je pokrenut niz rasprava o ameri\u010dkoj povijesti, njezinoj globalnoj ulozi i naslje\u0111u koje se prote\u017ee od 1776. do danas. Obljetnica je ujedno prilika za promi\u0161ljanje o tome kako danas tuma\u010dimo ameri\u010dku pro\u0161lost, ali i (aktualnu) ulogu SAD-a u\u2026","rel":"","context":"U &quot;Novosti&quot;","block_context":{"text":"Novosti","link":"https:\/\/historiografija.hr\/?cat=3"},"img":{"alt_text":"","src":"https:\/\/i0.wp.com\/historiografija.hr\/wp-content\/uploads\/2026\/04\/Kliofest-01-utorak-I-02-OS-250-godina-SAD.jpg?fit=1200%2C566&ssl=1&resize=350%2C200","width":350,"height":200,"srcset":"https:\/\/i0.wp.com\/historiografija.hr\/wp-content\/uploads\/2026\/04\/Kliofest-01-utorak-I-02-OS-250-godina-SAD.jpg?fit=1200%2C566&ssl=1&resize=350%2C200 1x, https:\/\/i0.wp.com\/historiografija.hr\/wp-content\/uploads\/2026\/04\/Kliofest-01-utorak-I-02-OS-250-godina-SAD.jpg?fit=1200%2C566&ssl=1&resize=525%2C300 1.5x, https:\/\/i0.wp.com\/historiografija.hr\/wp-content\/uploads\/2026\/04\/Kliofest-01-utorak-I-02-OS-250-godina-SAD.jpg?fit=1200%2C566&ssl=1&resize=700%2C400 2x, https:\/\/i0.wp.com\/historiografija.hr\/wp-content\/uploads\/2026\/04\/Kliofest-01-utorak-I-02-OS-250-godina-SAD.jpg?fit=1200%2C566&ssl=1&resize=1050%2C600 3x"},"classes":[]},{"id":52712,"url":"https:\/\/historiografija.hr\/?p=52712","url_meta":{"origin":10035,"position":3},"title":"Okrugli stol &#8220;Proslava 1100 godina Hrvatskoga Kraljevstva \u2013 kako danas gledamo na hrvatski rani srednji vijek?&#8221;","author":"Filip \u0160imunjak","date":"29. travnja 2026.","format":false,"excerpt":"Godinu iza nas obilje\u017eile su brojne manifestacije posve\u0107ene 1100. obljetnici Hrvatskoga Kraljevstva, koje su privukle veliku pozornost javnosti i medija, pa tako i na\u0161ega portala. Nastavljaju\u0107i se na taj niz, pozivamo Vas na okrugli stol \u201eProslava 1100 godina Hrvatskoga Kraljevstva \u2013 kako danas gledamo na hrvatski rani srednji vijek?\u201d, koji\u2026","rel":"","context":"U &quot;Novosti&quot;","block_context":{"text":"Novosti","link":"https:\/\/historiografija.hr\/?cat=3"},"img":{"alt_text":"","src":"https:\/\/i0.wp.com\/historiografija.hr\/wp-content\/uploads\/2026\/04\/Kliofest-01-utorak-I-01-OS-1100-godina.jpg?fit=1200%2C566&ssl=1&resize=350%2C200","width":350,"height":200,"srcset":"https:\/\/i0.wp.com\/historiografija.hr\/wp-content\/uploads\/2026\/04\/Kliofest-01-utorak-I-01-OS-1100-godina.jpg?fit=1200%2C566&ssl=1&resize=350%2C200 1x, https:\/\/i0.wp.com\/historiografija.hr\/wp-content\/uploads\/2026\/04\/Kliofest-01-utorak-I-01-OS-1100-godina.jpg?fit=1200%2C566&ssl=1&resize=525%2C300 1.5x, https:\/\/i0.wp.com\/historiografija.hr\/wp-content\/uploads\/2026\/04\/Kliofest-01-utorak-I-01-OS-1100-godina.jpg?fit=1200%2C566&ssl=1&resize=700%2C400 2x, https:\/\/i0.wp.com\/historiografija.hr\/wp-content\/uploads\/2026\/04\/Kliofest-01-utorak-I-01-OS-1100-godina.jpg?fit=1200%2C566&ssl=1&resize=1050%2C600 3x"},"classes":[]},{"id":52704,"url":"https:\/\/historiografija.hr\/?p=52704","url_meta":{"origin":10035,"position":4},"title":"Predstavljanje knjige &#8220;Vladimir Vasiljevi\u0107: Moji do\u017eivljaji. Dnevni\u010dki zapisi iz Prvoga svjetskog rata i poratnoga vremena&#8221;","author":"Filip \u0160imunjak","date":"29. travnja 2026.","format":false,"excerpt":"Doga\u0111anja ovogodi\u0161njega Festivala povijesti Kliofest zapo\u010dinjemo ve\u0107 i prije samoga slu\u017ebenog otvaranja, predstavljanjem knjige \u201eMoji do\u017eivljaji. Dnevni\u010dki zapisi iz Prvoga svjetskog rata i poratnoga vremena\u201d Vladimira Vasiljevi\u0107a, koju su priredili Karlo Rukavina i Damir Agi\u010di\u0107. Pozivamo Vas na predstavljanje koje \u0107e se odr\u017eati u ponedjeljak 4. svibnja, s po\u010detkom u\u2026","rel":"","context":"U &quot;Knjige&quot;","block_context":{"text":"Knjige","link":"https:\/\/historiografija.hr\/?cat=8"},"img":{"alt_text":"","src":"https:\/\/i0.wp.com\/historiografija.hr\/wp-content\/uploads\/2026\/04\/Naslovna-V.-Vasiljevic.webp?fit=1200%2C600&ssl=1&resize=350%2C200","width":350,"height":200,"srcset":"https:\/\/i0.wp.com\/historiografija.hr\/wp-content\/uploads\/2026\/04\/Naslovna-V.-Vasiljevic.webp?fit=1200%2C600&ssl=1&resize=350%2C200 1x, https:\/\/i0.wp.com\/historiografija.hr\/wp-content\/uploads\/2026\/04\/Naslovna-V.-Vasiljevic.webp?fit=1200%2C600&ssl=1&resize=525%2C300 1.5x, https:\/\/i0.wp.com\/historiografija.hr\/wp-content\/uploads\/2026\/04\/Naslovna-V.-Vasiljevic.webp?fit=1200%2C600&ssl=1&resize=700%2C400 2x, https:\/\/i0.wp.com\/historiografija.hr\/wp-content\/uploads\/2026\/04\/Naslovna-V.-Vasiljevic.webp?fit=1200%2C600&ssl=1&resize=1050%2C600 3x"},"classes":[]},{"id":52520,"url":"https:\/\/historiografija.hr\/?p=52520","url_meta":{"origin":10035,"position":5},"title":"Predstavljanje knjige &#8220;Socialist Economics in Yugoslavia: A Critical History&#8221; u Zagrebu","author":"Branimir Jankovi\u0107","date":"17. travnja 2026.","format":false,"excerpt":"Pozivamo vas na predstavljanje knjige \"Socialist Economics in Yugoslavia: A Critical History\", autora Mislava \u00a0\u017ditka i Marka Grde\u0161i\u0107a (Routledge, 2026). Na predstavljanju \u0107e govoriti Branko Milanovi\u0107 (CUNY), Milica Uvali\u0107 (EUI), Zdravko Petak (FPZG) te autori.\u00a0 Predstavljanje \u0107e se odr\u017eati u srijedu 22. travnja u 16:00 sati na Fakultetu politi\u010dkih znanosti\u2026","rel":"","context":"U &quot;Novosti&quot;","block_context":{"text":"Novosti","link":"https:\/\/historiografija.hr\/?cat=3"},"img":{"alt_text":"","src":"https:\/\/i0.wp.com\/historiografija.hr\/wp-content\/uploads\/2026\/04\/Poziv-na-predstavljanje.png?fit=800%2C652&ssl=1&resize=350%2C200","width":350,"height":200,"srcset":"https:\/\/i0.wp.com\/historiografija.hr\/wp-content\/uploads\/2026\/04\/Poziv-na-predstavljanje.png?fit=800%2C652&ssl=1&resize=350%2C200 1x, https:\/\/i0.wp.com\/historiografija.hr\/wp-content\/uploads\/2026\/04\/Poziv-na-predstavljanje.png?fit=800%2C652&ssl=1&resize=525%2C300 1.5x, https:\/\/i0.wp.com\/historiografija.hr\/wp-content\/uploads\/2026\/04\/Poziv-na-predstavljanje.png?fit=800%2C652&ssl=1&resize=700%2C400 2x"},"classes":[]}],"_links":{"self":[{"href":"https:\/\/historiografija.hr\/index.php?rest_route=\/wp\/v2\/posts\/10035","targetHints":{"allow":["GET"]}}],"collection":[{"href":"https:\/\/historiografija.hr\/index.php?rest_route=\/wp\/v2\/posts"}],"about":[{"href":"https:\/\/historiografija.hr\/index.php?rest_route=\/wp\/v2\/types\/post"}],"author":[{"embeddable":true,"href":"https:\/\/historiografija.hr\/index.php?rest_route=\/wp\/v2\/users\/2"}],"replies":[{"embeddable":true,"href":"https:\/\/historiografija.hr\/index.php?rest_route=%2Fwp%2Fv2%2Fcomments&post=10035"}],"version-history":[{"count":1,"href":"https:\/\/historiografija.hr\/index.php?rest_route=\/wp\/v2\/posts\/10035\/revisions"}],"predecessor-version":[{"id":10038,"href":"https:\/\/historiografija.hr\/index.php?rest_route=\/wp\/v2\/posts\/10035\/revisions\/10038"}],"wp:featuredmedia":[{"embeddable":true,"href":"https:\/\/historiografija.hr\/index.php?rest_route=\/wp\/v2\/media\/10037"}],"wp:attachment":[{"href":"https:\/\/historiografija.hr\/index.php?rest_route=%2Fwp%2Fv2%2Fmedia&parent=10035"}],"wp:term":[{"taxonomy":"category","embeddable":true,"href":"https:\/\/historiografija.hr\/index.php?rest_route=%2Fwp%2Fv2%2Fcategories&post=10035"},{"taxonomy":"post_tag","embeddable":true,"href":"https:\/\/historiografija.hr\/index.php?rest_route=%2Fwp%2Fv2%2Ftags&post=10035"}],"curies":[{"name":"wp","href":"https:\/\/api.w.org\/{rel}","templated":true}]}}